{"id":4292,"date":"2014-01-28T19:00:40","date_gmt":"2014-01-29T03:00:40","guid":{"rendered":"https:\/\/calcanstaging.kinsta.cloud\/?p=4292"},"modified":"2014-01-28T19:00:40","modified_gmt":"2014-01-29T03:00:40","slug":"finally-a-farm-bill","status":"publish","type":"post","link":"https:\/\/calclimateag.org\/es\/finally-a-farm-bill\/","title":{"rendered":"Por fin, una ley agr\u00edcola"},"content":{"rendered":"<p>California Caucus members of the <a href=\"http:\/\/sustainableagriculture.net\/blog\/release-nsac-statement-on-farm-bill-final-passage\/\" target=\"_blank\">National Sustainable Agriculture Coalition<\/a>, including CalCAN, expressed reluctant support for the farm bill up for final vote in Congress the last week of January. \u00a0The bill cuts billions from conservation programs and fails on key commodity reforms, but\u00a0renews the critical investments in important programs for beginning farmers, local food systems, organic agriculture, and healthy food access, and also relinks conservation requirements to the receipt of crop insurance premium subsidies.<\/p>\n<p style=\"text-align: center;\"><strong>NSAC Statement on Farm Bill Final Passage<\/strong><\/p>\n<p><em>January 28, 2014, Washington, DC \u2013<\/em>\u00a0The farm bill reported by the conference committee renews funding for a number of important programs that were left stranded by last year\u2019s farm bill extension, but fails to make much-needed reforms in the structure of farm policy.<\/p>\n<p>The bill jettisons the long-overdue payment limitation reforms included in both the House- and Senate-passed bills last year that target farm subsidy payments to working farmers. It also drops a provision passed twice by the Senate that would have modestly reduced insurance subsidies to millionaires. Additionally, the bill cuts billions from the very conservation programs that help farmers address production challenges and protect natural resources and the environment. The final bill also reduces benefits for a portion of SNAP (food stamp) participants.<\/p>\n<p>\u201cAt a time of fiscal restraint, growing income inequality, and economic distress in rural communities, it is appalling for the new farm bill to continue uncapped, unlimited commodity and crop insurance subsidies for mega-farms,\u201d said Ferd Hoefner, Policy Director with NSAC. \u201cThe backroom deal to reverse the reforms backed by a bipartisan majority of the both the House and the Senate is an affront to the democratic process.\u201d<\/p>\n<p>The bill does renew critical investments in important programs for beginning farmers, local food systems, organic agriculture, and healthy food access, and also relinks conservation requirements to the receipt of crop insurance premium subsidies. The final bill also rejects a series of extreme proposals to eliminate market and contract protections for livestock and poultry farmers.<\/p>\n<p>\u201cWe are pleased that the bill renews support for innovative programs that invest in the next generation of farmers, the growth of local and organic agriculture, and economic opportunity in rural communities,\u201d said Ariane Lotti, Assistant Policy Director with NSAC. \u201cThese programs have been needlessly on hold for the past year, and farmers and communities have been left in the lurch as a result.\u201d<\/p>\n<p>\u201cWe do not endorse the process that has led to completion of this farm bill nor do we think it represents the 21st century policy we need to support a sustainable farm and food system,\u201d Lotti added. \u201cHowever, given a lengthy two-and-a-half year process and the importance of renewing funding for the most innovative programs for the future of agriculture, we support moving forward but will continue to work for the real reform this bill lacks.\u201d<\/p>","protected":false},"excerpt":{"rendered":"<p>California Caucus members of the National Sustainable Agriculture Coalition, including CalCAN, expressed reluctant support for the farm bill up for final&#8230;<\/p>","protected":false},"author":3,"featured_media":0,"comment_status":"open","ping_status":"closed","sticky":false,"template":"","format":"standard","meta":{"_acf_changed":false,"inline_featured_image":false,"_monsterinsights_skip_tracking":false,"_monsterinsights_sitenote_active":false,"_monsterinsights_sitenote_note":"","_monsterinsights_sitenote_category":0,"jetpack_post_was_ever_published":false,"_jetpack_newsletter_access":"","_jetpack_dont_email_post_to_subs":false,"_jetpack_newsletter_tier_id":0,"_jetpack_memberships_contains_paywalled_content":false,"mc4wp_mailchimp_campaign":[],"_jetpack_memberships_contains_paid_content":false,"footnotes":"","jetpack_publicize_message":"","jetpack_publicize_feature_enabled":true,"jetpack_social_post_already_shared":true,"jetpack_social_options":{"image_generator_settings":{"template":"highway","default_image_id":0,"font":"","enabled":false},"version":2}},"categories":[680],"tags":[89,70],"class_list":["post-4292","post","type-post","status-publish","format-standard","hentry","category-policy","tag-farm-bill","tag-sustainable-agriculture"],"acf":[],"yoast_head":"<!-- This site is optimized with the Yoast SEO plugin v27.3 - https:\/\/yoast.com\/product\/yoast-seo-wordpress\/ -->\n<title>Finally, A Farm Bill | CalCAN - California Climate &amp; Agriculture Network<\/title>\n<meta name=\"robots\" content=\"index, follow, max-snippet:-1, max-image-preview:large, max-video-preview:-1\" \/>\n<link rel=\"canonical\" href=\"https:\/\/calclimateag.org\/es\/finally-a-farm-bill\/\" \/>\n<meta property=\"og:locale\" content=\"es_ES\" \/>\n<meta property=\"og:type\" content=\"article\" \/>\n<meta property=\"og:title\" content=\"Finally, A Farm Bill | CalCAN - California Climate &amp; Agriculture Network\" \/>\n<meta property=\"og:description\" content=\"California Caucus members of the National Sustainable Agriculture Coalition, including CalCAN, expressed reluctant support for the farm bill up for final...\" \/>\n<meta property=\"og:url\" content=\"https:\/\/calclimateag.org\/es\/finally-a-farm-bill\/\" \/>\n<meta property=\"og:site_name\" content=\"CalCAN - California Climate &amp; Agriculture Network\" \/>\n<meta property=\"article:published_time\" content=\"2014-01-29T03:00:40+00:00\" \/>\n<meta name=\"author\" content=\"Renata Brillinger\" \/>\n<meta name=\"twitter:card\" content=\"summary_large_image\" \/>\n<meta name=\"twitter:label1\" content=\"Escrito por\" \/>\n\t<meta name=\"twitter:data1\" content=\"Renata Brillinger\" \/>\n\t<meta name=\"twitter:label2\" content=\"Tiempo de lectura\" \/>\n\t<meta name=\"twitter:data2\" content=\"2 minutos\" \/>\n<script type=\"application\/ld+json\" class=\"yoast-schema-graph\">{\"@context\":\"https:\\\/\\\/schema.org\",\"@graph\":[{\"@type\":\"Article\",\"@id\":\"https:\\\/\\\/calclimateag.org\\\/finally-a-farm-bill\\\/#article\",\"isPartOf\":{\"@id\":\"https:\\\/\\\/calclimateag.org\\\/finally-a-farm-bill\\\/\"},\"author\":{\"name\":\"Renata Brillinger\",\"@id\":\"https:\\\/\\\/calclimateag.org\\\/#\\\/schema\\\/person\\\/3890271601970b546781884450be6fd4\"},\"headline\":\"Finally, A Farm Bill\",\"datePublished\":\"2014-01-29T03:00:40+00:00\",\"mainEntityOfPage\":{\"@id\":\"https:\\\/\\\/calclimateag.org\\\/finally-a-farm-bill\\\/\"},\"wordCount\":473,\"commentCount\":0,\"keywords\":[\"farm bill\",\"sustainable agriculture\"],\"articleSection\":[\"Policy\"],\"inLanguage\":\"es\",\"potentialAction\":[{\"@type\":\"CommentAction\",\"name\":\"Comment\",\"target\":[\"https:\\\/\\\/calclimateag.org\\\/finally-a-farm-bill\\\/#respond\"]}]},{\"@type\":\"WebPage\",\"@id\":\"https:\\\/\\\/calclimateag.org\\\/finally-a-farm-bill\\\/\",\"url\":\"https:\\\/\\\/calclimateag.org\\\/finally-a-farm-bill\\\/\",\"name\":\"Finally, A Farm Bill | CalCAN - California Climate &amp; Agriculture Network\",\"isPartOf\":{\"@id\":\"https:\\\/\\\/calclimateag.org\\\/#website\"},\"datePublished\":\"2014-01-29T03:00:40+00:00\",\"author\":{\"@id\":\"https:\\\/\\\/calclimateag.org\\\/#\\\/schema\\\/person\\\/3890271601970b546781884450be6fd4\"},\"breadcrumb\":{\"@id\":\"https:\\\/\\\/calclimateag.org\\\/finally-a-farm-bill\\\/#breadcrumb\"},\"inLanguage\":\"es\",\"potentialAction\":[{\"@type\":\"ReadAction\",\"target\":[\"https:\\\/\\\/calclimateag.org\\\/finally-a-farm-bill\\\/\"]}]},{\"@type\":\"BreadcrumbList\",\"@id\":\"https:\\\/\\\/calclimateag.org\\\/finally-a-farm-bill\\\/#breadcrumb\",\"itemListElement\":[{\"@type\":\"ListItem\",\"position\":1,\"name\":\"Home\",\"item\":\"https:\\\/\\\/calclimateag.org\\\/\"},{\"@type\":\"ListItem\",\"position\":2,\"name\":\"Finally, A Farm Bill\"}]},{\"@type\":\"WebSite\",\"@id\":\"https:\\\/\\\/calclimateag.org\\\/#website\",\"url\":\"https:\\\/\\\/calclimateag.org\\\/\",\"name\":\"CalCAN - California Climate &amp; Agriculture Network\",\"description\":\"California Climate &amp; Agriculture Network\",\"potentialAction\":[{\"@type\":\"SearchAction\",\"target\":{\"@type\":\"EntryPoint\",\"urlTemplate\":\"https:\\\/\\\/calclimateag.org\\\/?s={search_term_string}\"},\"query-input\":{\"@type\":\"PropertyValueSpecification\",\"valueRequired\":true,\"valueName\":\"search_term_string\"}}],\"inLanguage\":\"es\"},{\"@type\":\"Person\",\"@id\":\"https:\\\/\\\/calclimateag.org\\\/#\\\/schema\\\/person\\\/3890271601970b546781884450be6fd4\",\"name\":\"Renata Brillinger\",\"image\":{\"@type\":\"ImageObject\",\"inLanguage\":\"es\",\"@id\":\"https:\\\/\\\/secure.gravatar.com\\\/avatar\\\/8cab49a0c269f069be6ac1c17b133b643474764818cfcd57b10d7fd4da4f0fba?s=96&d=mm&r=g\",\"url\":\"https:\\\/\\\/secure.gravatar.com\\\/avatar\\\/8cab49a0c269f069be6ac1c17b133b643474764818cfcd57b10d7fd4da4f0fba?s=96&d=mm&r=g\",\"contentUrl\":\"https:\\\/\\\/secure.gravatar.com\\\/avatar\\\/8cab49a0c269f069be6ac1c17b133b643474764818cfcd57b10d7fd4da4f0fba?s=96&d=mm&r=g\",\"caption\":\"Renata Brillinger\"},\"url\":\"#molongui-disabled-link\"}]}<\/script>\n<!-- \/ Yoast SEO plugin. -->","yoast_head_json":{"title":"Finally, A Farm Bill | CalCAN - California Climate &amp; Agriculture Network","robots":{"index":"index","follow":"follow","max-snippet":"max-snippet:-1","max-image-preview":"max-image-preview:large","max-video-preview":"max-video-preview:-1"},"canonical":"https:\/\/calclimateag.org\/es\/finally-a-farm-bill\/","og_locale":"es_ES","og_type":"article","og_title":"Finally, A Farm Bill | CalCAN - California Climate &amp; Agriculture Network","og_description":"California Caucus members of the National Sustainable Agriculture Coalition, including CalCAN, expressed reluctant support for the farm bill up for final...","og_url":"https:\/\/calclimateag.org\/es\/finally-a-farm-bill\/","og_site_name":"CalCAN - California Climate &amp; Agriculture Network","article_published_time":"2014-01-29T03:00:40+00:00","author":"Renata Brillinger","twitter_card":"summary_large_image","twitter_misc":{"Escrito por":"Renata Brillinger","Tiempo de lectura":"2 minutos"},"schema":{"@context":"https:\/\/schema.org","@graph":[{"@type":"Article","@id":"https:\/\/calclimateag.org\/finally-a-farm-bill\/#article","isPartOf":{"@id":"https:\/\/calclimateag.org\/finally-a-farm-bill\/"},"author":{"name":"Renata Brillinger","@id":"https:\/\/calclimateag.org\/#\/schema\/person\/3890271601970b546781884450be6fd4"},"headline":"Finally, A Farm Bill","datePublished":"2014-01-29T03:00:40+00:00","mainEntityOfPage":{"@id":"https:\/\/calclimateag.org\/finally-a-farm-bill\/"},"wordCount":473,"commentCount":0,"keywords":["farm bill","sustainable agriculture"],"articleSection":["Policy"],"inLanguage":"es","potentialAction":[{"@type":"CommentAction","name":"Comment","target":["https:\/\/calclimateag.org\/finally-a-farm-bill\/#respond"]}]},{"@type":"WebPage","@id":"https:\/\/calclimateag.org\/finally-a-farm-bill\/","url":"https:\/\/calclimateag.org\/finally-a-farm-bill\/","name":"Finally, A Farm Bill | CalCAN - California Climate &amp; Agriculture Network","isPartOf":{"@id":"https:\/\/calclimateag.org\/#website"},"datePublished":"2014-01-29T03:00:40+00:00","author":{"@id":"https:\/\/calclimateag.org\/#\/schema\/person\/3890271601970b546781884450be6fd4"},"breadcrumb":{"@id":"https:\/\/calclimateag.org\/finally-a-farm-bill\/#breadcrumb"},"inLanguage":"es","potentialAction":[{"@type":"ReadAction","target":["https:\/\/calclimateag.org\/finally-a-farm-bill\/"]}]},{"@type":"BreadcrumbList","@id":"https:\/\/calclimateag.org\/finally-a-farm-bill\/#breadcrumb","itemListElement":[{"@type":"ListItem","position":1,"name":"Home","item":"https:\/\/calclimateag.org\/"},{"@type":"ListItem","position":2,"name":"Finally, A Farm Bill"}]},{"@type":"WebSite","@id":"https:\/\/calclimateag.org\/#website","url":"https:\/\/calclimateag.org\/","name":"CalCAN - Red de Clima y Agricultura de California","description":"Red de Clima y Agricultura de California","potentialAction":[{"@type":"SearchAction","target":{"@type":"EntryPoint","urlTemplate":"https:\/\/calclimateag.org\/?s={search_term_string}"},"query-input":{"@type":"PropertyValueSpecification","valueRequired":true,"valueName":"search_term_string"}}],"inLanguage":"es"},{"@type":"Person","@id":"https:\/\/calclimateag.org\/#\/schema\/person\/3890271601970b546781884450be6fd4","name":"Renata Brillinger","image":{"@type":"ImageObject","inLanguage":"es","@id":"https:\/\/secure.gravatar.com\/avatar\/8cab49a0c269f069be6ac1c17b133b643474764818cfcd57b10d7fd4da4f0fba?s=96&d=mm&r=g","url":"https:\/\/secure.gravatar.com\/avatar\/8cab49a0c269f069be6ac1c17b133b643474764818cfcd57b10d7fd4da4f0fba?s=96&d=mm&r=g","contentUrl":"https:\/\/secure.gravatar.com\/avatar\/8cab49a0c269f069be6ac1c17b133b643474764818cfcd57b10d7fd4da4f0fba?s=96&d=mm&r=g","caption":"Renata Brillinger"},"url":"#molongui-disabled-link"}]}},"jetpack_publicize_connections":[],"jetpack_featured_media_url":"","jetpack_sharing_enabled":true,"jetpack_shortlink":"https:\/\/wp.me\/pap9il-17e","jetpack-related-posts":[{"id":7966,"url":"https:\/\/calclimateag.org\/es\/2018-farm-bill-priorities-for-sustainable-agriculture\/","url_meta":{"origin":4292,"position":0},"title":"Path to the 2018 Farm Bill: Priorities for Sustainable Agriculture","author":"Brian Shobe","date":"abril 14, 2017 10:00 am","format":false,"excerpt":"Written by the National Sustainable Agriculture Coalition (NSAC). Original post here. Author\u2019s Note: As a lead up to the 2018 Farm Bill, around which discussions and debate in Congress have already begun, the National Sustainable Agriculture Coalition (NSAC) is previewing some of the major programs and policies that advocates need\u2026","rel":"","context":"En \u00abPolicy\u00bb","block_context":{"text":"Policy","link":"https:\/\/calclimateag.org\/es\/category\/policy\/"},"img":{"alt_text":"","src":"https:\/\/i0.wp.com\/calclimateag.org\/wp-content\/uploads\/2017\/04\/NSAC-Summer-Meeting-2.jpg?resize=350%2C200&ssl=1","width":350,"height":200,"srcset":"https:\/\/i0.wp.com\/calclimateag.org\/wp-content\/uploads\/2017\/04\/NSAC-Summer-Meeting-2.jpg?resize=350%2C200&ssl=1 1x, https:\/\/i0.wp.com\/calclimateag.org\/wp-content\/uploads\/2017\/04\/NSAC-Summer-Meeting-2.jpg?resize=525%2C300&ssl=1 1.5x"},"classes":[]},{"id":2503,"url":"https:\/\/calclimateag.org\/es\/speaking-truth-to-power-ca-organic-and-sustainable-agriculture-producers-and-advocates-in-washington-d-c\/","url_meta":{"origin":4292,"position":1},"title":"Speaking Truth to Power \u2014 CA Organic and Sustainable Agriculture Producers and Advocates in Washington, D.C.","author":"Jeanne Merrill","date":"febrero 8, 2012 5:28 pm","format":false,"excerpt":"As a former crop insurance agent and current organic almond producer and processor from a long-time farm family in Fresno, Steve Koretoff spoke truth to power in a recent visit to Washington, D.C. \u00a0\u00a0Mr. Koretoff joined six representatives of the California caucus of the National Sustainable Agriculture Coalition (NSAC) for\u2026","rel":"","context":"En \u00abPeople\u00bb","block_context":{"text":"People","link":"https:\/\/calclimateag.org\/es\/category\/people\/"},"img":{"alt_text":"","src":"https:\/\/i0.wp.com\/calclimateag.org\/wp-content\/uploads\/2012\/02\/photo2-300x225.jpg?resize=350%2C200&ssl=1","width":350,"height":200},"classes":[]},{"id":2564,"url":"https:\/\/calclimateag.org\/es\/farm-bill-2012-hearings-open-as-next-years-budget-plans-emerge\/","url_meta":{"origin":4292,"position":2},"title":"Comienzan las audiencias sobre la Ley Agr\u00edcola de 2012, mientras se perfilan los planes presupuestarios para el pr\u00f3ximo a\u00f1o","author":"Ted Quaday","date":"febrero 16, 2012 5:45 pm","format":false,"excerpt":"A new chapter on Farm Bill 2012 opened Wednesday with the first in a series of hearings before the Senate Committee on Agriculture. The hearing focused on energy programs and rural economic development. It featured committee chair Senator Debbie Stabenow (D-Mich.) observing that the farm bill is a jobs bill\u2026","rel":"","context":"En \u00abPolicy\u00bb","block_context":{"text":"Policy","link":"https:\/\/calclimateag.org\/es\/category\/policy\/"},"img":{"alt_text":"","src":"","width":0,"height":0},"classes":[]},{"id":2881,"url":"https:\/\/calclimateag.org\/es\/path-to-the-2012-farm-bill-senate-passes-its-farm-bill-house-delays\/","url_meta":{"origin":4292,"position":3},"title":"Path to the 2012 Farm Bill: Senate Passes its Farm Bill, House Delays","author":"Jeanne Merrill","date":"junio 21, 2012 10:22 pm","format":false,"excerpt":"CalCAN is one of eleven members of the California Caucus of the National Sustainable Agriculture Coalition. \u00a0We are heartened by the passage of several NSAC supported Senate amendments to the farm bill. \u00a0Thank you to all of you who made phones, wrote your Senators and made your voice heard. \u00a0It\u2026","rel":"","context":"En \u00abPolicy\u00bb","block_context":{"text":"Policy","link":"https:\/\/calclimateag.org\/es\/category\/policy\/"},"img":{"alt_text":"","src":"","width":0,"height":0},"classes":[]}],"jetpack_likes_enabled":false,"_links":{"self":[{"href":"https:\/\/calclimateag.org\/es\/wp-json\/wp\/v2\/posts\/4292","targetHints":{"allow":["GET"]}}],"collection":[{"href":"https:\/\/calclimateag.org\/es\/wp-json\/wp\/v2\/posts"}],"about":[{"href":"https:\/\/calclimateag.org\/es\/wp-json\/wp\/v2\/types\/post"}],"author":[{"embeddable":true,"href":"https:\/\/calclimateag.org\/es\/wp-json\/wp\/v2\/users\/3"}],"replies":[{"embeddable":true,"href":"https:\/\/calclimateag.org\/es\/wp-json\/wp\/v2\/comments?post=4292"}],"version-history":[{"count":0,"href":"https:\/\/calclimateag.org\/es\/wp-json\/wp\/v2\/posts\/4292\/revisions"}],"wp:attachment":[{"href":"https:\/\/calclimateag.org\/es\/wp-json\/wp\/v2\/media?parent=4292"}],"wp:term":[{"taxonomy":"category","embeddable":true,"href":"https:\/\/calclimateag.org\/es\/wp-json\/wp\/v2\/categories?post=4292"},{"taxonomy":"post_tag","embeddable":true,"href":"https:\/\/calclimateag.org\/es\/wp-json\/wp\/v2\/tags?post=4292"}],"curies":[{"name":"wp","href":"https:\/\/api.w.org\/{rel}","templated":true}]}}