{"id":4001,"date":"2013-08-07T22:09:49","date_gmt":"2013-08-08T06:09:49","guid":{"rendered":"https:\/\/calcanstaging.kinsta.cloud\/?p=4001"},"modified":"2013-08-07T22:09:49","modified_gmt":"2013-08-08T06:09:49","slug":"farm-bill-and-agriculture-appropriations-clear-as-mud","status":"publish","type":"post","link":"https:\/\/calclimateag.org\/es\/farm-bill-and-agriculture-appropriations-clear-as-mud\/","title":{"rendered":"Ley Agr\u00edcola y Cr\u00e9ditos Agr\u00edcolas - M\u00e1s claro que el agua"},"content":{"rendered":"<h3><a href=\"http:\/\/sustainableagriculture.net\/blog\/farmbill-appropriations-status\/?utm_source=roundup&amp;utm_medium=email\" target=\"_blank\">Reposted from the National Sustainable Agriculture Coalition (NSAC)<\/a><br \/>\nJuly 26th, 2013<\/h3>\n<p>The congressional month-long August recess is just a week away.\u00a0 In more normal times, as those types of deadlines loom, deals get done on Capitol Hill.\u00a0 Not so this year.\u00a0 The path forward on a new five-year farm bill and on the set of appropriations bills to fund the government for the coming fiscal year are clear as mud.\u00a0 With the federal debt ceiling to be hit this fall, it promises, sadly, to be another season of manufactured, interlocking crises in the nation\u2019s Capitol.<\/p>\n<p>Unless something breaks on the farm bill next week, the situation upon Congress\u2019 return after Labor Day will be quite stark.\u00a0 There will be a total of nine legislative days before the farm bill and before all the appropriations bills, including agriculture, expire at the stroke of midnight on October 1.\u00a0 To see why nine days is not a rosy prospect, let\u2019s review where things stand, starting with the farm bill.<\/p>\n<p><em><strong>Farm Bill Recap<\/strong><\/em><\/p>\n<p>En\u00a0<a href=\"http:\/\/sustainableagriculture.net\/blog\/senate-passes-2013-farm-bill\/\" target=\"_blank\">Senate passed its 5-year farm bill<\/a>\u00a0back on June 10.\u00a0 The House then\u00a0<a href=\"http:\/\/sustainableagriculture.net\/blog\/why-farm-bill-faied\/\" target=\"_blank\">defeated its version of the farm bill<\/a>\u00a0ten days later.\u00a0 The House majority party then stripped the nutrition and food stamp title out of the bill and brought it back to floor where, despite a rule prohibiting any amendments to the bill, it\u00a0<a href=\"http:\/\/sustainableagriculture.net\/blog\/house-passes-partial-farm-bill\/\" target=\"_blank\">passed on a party-line vote\u00a0<\/a>on July 11.<\/p>\n<p>Since that time, a House Republican-only rump group has been meeting to discuss a possible nutrition title-only bill to bring to the House floor separate from the farm bill.\u00a0 Presumably, if successful, that bill would then be joined with their farm-only farm bill in conference with the Senate\u2019s comprehensive bill.\u00a0 To date, however, the rump group has reported very little progress and, in fact, members of the group say there is no chance they will have a product prior to September, if then.<\/p>\n<p><em><strong>Will a Farm Bill Conference Happen?<\/strong><\/em><\/p>\n<p>House Agriculture Chair Frank Lucas (R-OK) has made it abundantly clear that if the House has failed to adopt a nutrition bill by August, then the House should go directly to conference with the Senate, without any House position on the nutrition title or food stamp spending.\u00a0 In such a conference, the Senate position would very likely prevail on the nutrition title, and food stamp budget cuts would be modest.<\/p>\n<p>House Republican leadership, however, has said nothing to back up their Chairman on this point, and hence there is little reason to hope a conference to work out a final bill will start anytime soon.\u00a0 It also appears to some\u00a0<a href=\"http:\/\/www.politico.com\/story\/2013\/07\/farm-bill-2013-eric-cantor-john-boehner-94767.html\" target=\"_blank\">close observers of the process<\/a>\u00a0that House Republican leadership remains divided over whether or not to ever go to conference on the farm bill.<\/p>\n<p>The clock is ticking loudly now, and by September it will be louder still.\u00a0 The Senate, on a bipartisan basis, is begging and pleading to go to conference and get a final bill worked out.\u00a0 In fact, the Senate is expected to name its conferees next week.<\/p>\n<p>Based on the rumor mill, those Senate conferees will be, in addition to Democratic Chairwoman Debbie Stabenow (MI), Pat Leahy (VT), Tom Harkin (IA), Max Baucus (MT), Sherrod Brown (OH), Amy Klobuchar (MN), and Michael Bennet (CO).\u00a0 On the Republican side, in addition to Ranking Member Thad Cochran (MS), the expected conferees are Pat Roberts (KS), Saxby Chambliss (GA), John Boozman (AR), and John Hoeven (ND).<\/p>\n<p>Of course it takes two to tango and takes two houses and two parties to get to conference, and while House Democrats and the more bipartisan Senate want to get started, House Republicans are still seemingly slow walking the process.\u00a0 At this point in time, there appears to be no hope that the House will name conferees next week and thus no action until September at the earliest, other than perhaps some staff meetings during August recess.<\/p>\n<p>As it did last year, House Republican inaction raises the prospect of the need for a farm bill extension.\u00a0 Last year,\u00a0<a href=\"http:\/\/sustainableagriculture.net\/blog\/faq-on-farm-bill-expiration\/\" target=\"_blank\">Congress let the farm bill expire<\/a>\u00a0on October 1 and left it in that state of limbo until January 1, when it enacted a\u00a0<a href=\"http:\/\/sustainableagriculture.net\/blog\/farm-bill-extension-fiscal-cliff\/\" target=\"_blank\">really awful nine-month extension<\/a>\u00a0that itself expires this October 1.<\/p>\n<p>House Chairman Lucas has called for enactment of a short term extension in September, to provide more time to work things out, but Senate Chairwoman Stabenow has so far said she will not agree to any more extensions.\u00a0 That leads to the increasingly likely prospect that the farm bill will again expire, throwing many programs into turmoil.<\/p>\n<p>Much hangs in the balance in terms of completing a new full, five-year bill.\u00a0 For instance \u2013<\/p>\n<ul>\n<li>both bills include historic commodity program payment limit reform, a consolidated conservation easement program with permanent funding, and a directive for USDA to create a new crop insurance option for highly diversified farms;<\/li>\n<li>the House bill includes higher funding for beginning farmer, farmers market, and organic research programs, as well as important pilot farm-to-school pilot programs and microloans for young and local food farmers;<\/li>\n<li>the Senate bill includes higher funding for rural development, renewable energy, and organic farmer cost share;<\/li>\n<li>the Senate bill also includes critical crop insurance reforms, including reduced subsidies for millionaires and conservation accountability and prairie protection provisions;<\/li>\n<li>the House bill includes draconian cuts to the Conservation Stewardship Program and a radical anti-farmer provision that would essentially end USDA\u2019s role in maintaining competitive markets and fair agricultural contracts;<\/li>\n<li>and the list goes on and on.<\/li>\n<\/ul>\n<p>Much remains to be sorted out in the House-Senate conference, but for now it all remains on hold while House Republicans decide what if anything they are going to do with respect to the food stamp program.<\/p>\n<p><em><strong>Appropriations Recap<\/strong><\/em><\/p>\n<p><strong><\/strong>The annual appropriations bills, including agriculture, are, if anything, even more of a mess than the farm bill, hard as that is to imagine.<\/p>\n<p>The House and Senate starting point on this year\u2019s funding bills is $91 billion apart, with the House aiming to cut government programs, other than defense, way below the levels agreed to for the current fiscal year, including the across-the-board sequestration cuts.\u00a0 The House GOP levels would bring non-defense spending to a level 12 percent below this year\u2019s levels inclusive of sequestration.\u00a0 Those mega cuts play themselves out across all the non-defense bills, including agriculture.\u00a0 Hence, the\u00a0<a href=\"http:\/\/sustainableagriculture.net\/blog\/house-fy14-ag-approps-bill\/\" target=\"_blank\">House agriculture spending bill<\/a>\u00a0is a billion dollars lower than the\u00a0<a href=\"http:\/\/sustainableagriculture.net\/blog\/senate-ag-approps-2014-bill\/\" target=\"_blank\">Senate version<\/a>.\u00a0 The difference in food and agriculture spending levels, while big, are nothing compared to the huge differences on health and human services or transportation.<\/p>\n<p><em><strong>What Now?<\/strong><\/em><\/p>\n<p>With no clear strategy for how to resolve these gigantic differences, and no hopes of the two houses ever going to conference to resolve their vastly different budgets that form the starting point for appropriations bills, no floor action has been scheduled in either house for agricultural appropriations.\u00a0 The Senate has been able to pass some of its appropriations bills with a level of bipartisan support, but whether it will take the time to try to pass all of them, despite the chasm between House and Senate funding levels, remains to be seen.\u00a0 The White House, for its part, has threatened a veto for every House appropriations bill that has moved forward to date.<\/p>\n<p>It appears almost inevitable that at least a short-term continuing resolution will be needed before October 1 to keep USDA and the rest of the government functioning.\u00a0 It also appears inevitable that at some point, likely as the potential debt ceiling debacle moves closer and closer after October 1, there may be one last chance for some type of overall budget deal to get made, even if its just another fairly short term, crisis-avoiding deal and not the long-term deal so badly needed to restore sanity to the legislative process.\u00a0 If that happens, it could be the vehicle on which the farm bill and the agriculture appropriations bill hitches a ride.<\/p>","protected":false},"excerpt":{"rendered":"<p>Reposted from the National Sustainable Agriculture Coalition (NSAC) July 26th, 2013 The congressional month-long August recess is just a week away.\u00a0&#8230;<\/p>","protected":false},"author":3,"featured_media":0,"comment_status":"open","ping_status":"closed","sticky":false,"template":"","format":"standard","meta":{"_acf_changed":false,"inline_featured_image":false,"_monsterinsights_skip_tracking":false,"_monsterinsights_sitenote_active":false,"_monsterinsights_sitenote_note":"","_monsterinsights_sitenote_category":0,"jetpack_post_was_ever_published":false,"_jetpack_newsletter_access":"","_jetpack_dont_email_post_to_subs":false,"_jetpack_newsletter_tier_id":0,"_jetpack_memberships_contains_paywalled_content":false,"mc4wp_mailchimp_campaign":[],"_jetpack_memberships_contains_paid_content":false,"footnotes":"","jetpack_publicize_message":"","jetpack_publicize_feature_enabled":true,"jetpack_social_post_already_shared":false,"jetpack_social_options":{"image_generator_settings":{"template":"highway","default_image_id":0,"font":"","enabled":false},"version":2}},"categories":[680],"tags":[89],"class_list":["post-4001","post","type-post","status-publish","format-standard","hentry","category-policy","tag-farm-bill"],"acf":[],"yoast_head":"<!-- This site is optimized with the Yoast SEO plugin v27.3 - https:\/\/yoast.com\/product\/yoast-seo-wordpress\/ -->\n<title>Farm Bill and Agriculture Appropriations \u2013 Clear as Mud | CalCAN - California Climate &amp; Agriculture Network<\/title>\n<meta name=\"robots\" content=\"index, follow, max-snippet:-1, max-image-preview:large, max-video-preview:-1\" \/>\n<link rel=\"canonical\" href=\"https:\/\/calclimateag.org\/es\/farm-bill-and-agriculture-appropriations-clear-as-mud\/\" \/>\n<meta property=\"og:locale\" content=\"es_ES\" \/>\n<meta property=\"og:type\" content=\"article\" \/>\n<meta property=\"og:title\" content=\"Farm Bill and Agriculture Appropriations \u2013 Clear as Mud | CalCAN - California Climate &amp; Agriculture Network\" \/>\n<meta property=\"og:description\" content=\"Reposted from the National Sustainable Agriculture Coalition (NSAC) July 26th, 2013 The congressional month-long August recess is just a week away.\u00a0...\" \/>\n<meta property=\"og:url\" content=\"https:\/\/calclimateag.org\/es\/farm-bill-and-agriculture-appropriations-clear-as-mud\/\" \/>\n<meta property=\"og:site_name\" content=\"CalCAN - California Climate &amp; Agriculture Network\" \/>\n<meta property=\"article:published_time\" content=\"2013-08-08T06:09:49+00:00\" \/>\n<meta name=\"author\" content=\"Renata Brillinger\" \/>\n<meta name=\"twitter:card\" content=\"summary_large_image\" \/>\n<meta name=\"twitter:label1\" content=\"Escrito por\" \/>\n\t<meta name=\"twitter:data1\" content=\"Renata Brillinger\" \/>\n\t<meta name=\"twitter:label2\" content=\"Tiempo de lectura\" \/>\n\t<meta name=\"twitter:data2\" content=\"7 minutos\" \/>\n<script type=\"application\/ld+json\" class=\"yoast-schema-graph\">{\"@context\":\"https:\\\/\\\/schema.org\",\"@graph\":[{\"@type\":\"Article\",\"@id\":\"https:\\\/\\\/calclimateag.org\\\/farm-bill-and-agriculture-appropriations-clear-as-mud\\\/#article\",\"isPartOf\":{\"@id\":\"https:\\\/\\\/calclimateag.org\\\/farm-bill-and-agriculture-appropriations-clear-as-mud\\\/\"},\"author\":{\"name\":\"Renata Brillinger\",\"@id\":\"https:\\\/\\\/calclimateag.org\\\/#\\\/schema\\\/person\\\/3890271601970b546781884450be6fd4\"},\"headline\":\"Farm Bill and Agriculture Appropriations \u2013 Clear as Mud\",\"datePublished\":\"2013-08-08T06:09:49+00:00\",\"mainEntityOfPage\":{\"@id\":\"https:\\\/\\\/calclimateag.org\\\/farm-bill-and-agriculture-appropriations-clear-as-mud\\\/\"},\"wordCount\":1320,\"commentCount\":0,\"keywords\":[\"farm bill\"],\"articleSection\":[\"Policy\"],\"inLanguage\":\"es\",\"potentialAction\":[{\"@type\":\"CommentAction\",\"name\":\"Comment\",\"target\":[\"https:\\\/\\\/calclimateag.org\\\/farm-bill-and-agriculture-appropriations-clear-as-mud\\\/#respond\"]}]},{\"@type\":\"WebPage\",\"@id\":\"https:\\\/\\\/calclimateag.org\\\/farm-bill-and-agriculture-appropriations-clear-as-mud\\\/\",\"url\":\"https:\\\/\\\/calclimateag.org\\\/farm-bill-and-agriculture-appropriations-clear-as-mud\\\/\",\"name\":\"Farm Bill and Agriculture Appropriations \u2013 Clear as Mud | CalCAN - California Climate &amp; Agriculture Network\",\"isPartOf\":{\"@id\":\"https:\\\/\\\/calclimateag.org\\\/#website\"},\"datePublished\":\"2013-08-08T06:09:49+00:00\",\"author\":{\"@id\":\"https:\\\/\\\/calclimateag.org\\\/#\\\/schema\\\/person\\\/3890271601970b546781884450be6fd4\"},\"breadcrumb\":{\"@id\":\"https:\\\/\\\/calclimateag.org\\\/farm-bill-and-agriculture-appropriations-clear-as-mud\\\/#breadcrumb\"},\"inLanguage\":\"es\",\"potentialAction\":[{\"@type\":\"ReadAction\",\"target\":[\"https:\\\/\\\/calclimateag.org\\\/farm-bill-and-agriculture-appropriations-clear-as-mud\\\/\"]}]},{\"@type\":\"BreadcrumbList\",\"@id\":\"https:\\\/\\\/calclimateag.org\\\/farm-bill-and-agriculture-appropriations-clear-as-mud\\\/#breadcrumb\",\"itemListElement\":[{\"@type\":\"ListItem\",\"position\":1,\"name\":\"Home\",\"item\":\"https:\\\/\\\/calclimateag.org\\\/\"},{\"@type\":\"ListItem\",\"position\":2,\"name\":\"Farm Bill and Agriculture Appropriations \u2013 Clear as Mud\"}]},{\"@type\":\"WebSite\",\"@id\":\"https:\\\/\\\/calclimateag.org\\\/#website\",\"url\":\"https:\\\/\\\/calclimateag.org\\\/\",\"name\":\"CalCAN - California Climate &amp; Agriculture Network\",\"description\":\"California Climate &amp; Agriculture Network\",\"potentialAction\":[{\"@type\":\"SearchAction\",\"target\":{\"@type\":\"EntryPoint\",\"urlTemplate\":\"https:\\\/\\\/calclimateag.org\\\/?s={search_term_string}\"},\"query-input\":{\"@type\":\"PropertyValueSpecification\",\"valueRequired\":true,\"valueName\":\"search_term_string\"}}],\"inLanguage\":\"es\"},{\"@type\":\"Person\",\"@id\":\"https:\\\/\\\/calclimateag.org\\\/#\\\/schema\\\/person\\\/3890271601970b546781884450be6fd4\",\"name\":\"Renata Brillinger\",\"image\":{\"@type\":\"ImageObject\",\"inLanguage\":\"es\",\"@id\":\"https:\\\/\\\/secure.gravatar.com\\\/avatar\\\/8cab49a0c269f069be6ac1c17b133b643474764818cfcd57b10d7fd4da4f0fba?s=96&d=mm&r=g\",\"url\":\"https:\\\/\\\/secure.gravatar.com\\\/avatar\\\/8cab49a0c269f069be6ac1c17b133b643474764818cfcd57b10d7fd4da4f0fba?s=96&d=mm&r=g\",\"contentUrl\":\"https:\\\/\\\/secure.gravatar.com\\\/avatar\\\/8cab49a0c269f069be6ac1c17b133b643474764818cfcd57b10d7fd4da4f0fba?s=96&d=mm&r=g\",\"caption\":\"Renata Brillinger\"},\"url\":\"#molongui-disabled-link\"}]}<\/script>\n<!-- \/ Yoast SEO plugin. -->","yoast_head_json":{"title":"Farm Bill and Agriculture Appropriations \u2013 Clear as Mud | CalCAN - California Climate &amp; Agriculture Network","robots":{"index":"index","follow":"follow","max-snippet":"max-snippet:-1","max-image-preview":"max-image-preview:large","max-video-preview":"max-video-preview:-1"},"canonical":"https:\/\/calclimateag.org\/es\/farm-bill-and-agriculture-appropriations-clear-as-mud\/","og_locale":"es_ES","og_type":"article","og_title":"Farm Bill and Agriculture Appropriations \u2013 Clear as Mud | CalCAN - California Climate &amp; Agriculture Network","og_description":"Reposted from the National Sustainable Agriculture Coalition (NSAC) July 26th, 2013 The congressional month-long August recess is just a week away.\u00a0...","og_url":"https:\/\/calclimateag.org\/es\/farm-bill-and-agriculture-appropriations-clear-as-mud\/","og_site_name":"CalCAN - California Climate &amp; Agriculture Network","article_published_time":"2013-08-08T06:09:49+00:00","author":"Renata Brillinger","twitter_card":"summary_large_image","twitter_misc":{"Escrito por":"Renata Brillinger","Tiempo de lectura":"7 minutos"},"schema":{"@context":"https:\/\/schema.org","@graph":[{"@type":"Article","@id":"https:\/\/calclimateag.org\/farm-bill-and-agriculture-appropriations-clear-as-mud\/#article","isPartOf":{"@id":"https:\/\/calclimateag.org\/farm-bill-and-agriculture-appropriations-clear-as-mud\/"},"author":{"name":"Renata Brillinger","@id":"https:\/\/calclimateag.org\/#\/schema\/person\/3890271601970b546781884450be6fd4"},"headline":"Farm Bill and Agriculture Appropriations \u2013 Clear as Mud","datePublished":"2013-08-08T06:09:49+00:00","mainEntityOfPage":{"@id":"https:\/\/calclimateag.org\/farm-bill-and-agriculture-appropriations-clear-as-mud\/"},"wordCount":1320,"commentCount":0,"keywords":["farm bill"],"articleSection":["Policy"],"inLanguage":"es","potentialAction":[{"@type":"CommentAction","name":"Comment","target":["https:\/\/calclimateag.org\/farm-bill-and-agriculture-appropriations-clear-as-mud\/#respond"]}]},{"@type":"WebPage","@id":"https:\/\/calclimateag.org\/farm-bill-and-agriculture-appropriations-clear-as-mud\/","url":"https:\/\/calclimateag.org\/farm-bill-and-agriculture-appropriations-clear-as-mud\/","name":"Farm Bill and Agriculture Appropriations \u2013 Clear as Mud | CalCAN - California Climate &amp; Agriculture Network","isPartOf":{"@id":"https:\/\/calclimateag.org\/#website"},"datePublished":"2013-08-08T06:09:49+00:00","author":{"@id":"https:\/\/calclimateag.org\/#\/schema\/person\/3890271601970b546781884450be6fd4"},"breadcrumb":{"@id":"https:\/\/calclimateag.org\/farm-bill-and-agriculture-appropriations-clear-as-mud\/#breadcrumb"},"inLanguage":"es","potentialAction":[{"@type":"ReadAction","target":["https:\/\/calclimateag.org\/farm-bill-and-agriculture-appropriations-clear-as-mud\/"]}]},{"@type":"BreadcrumbList","@id":"https:\/\/calclimateag.org\/farm-bill-and-agriculture-appropriations-clear-as-mud\/#breadcrumb","itemListElement":[{"@type":"ListItem","position":1,"name":"Home","item":"https:\/\/calclimateag.org\/"},{"@type":"ListItem","position":2,"name":"Farm Bill and Agriculture Appropriations \u2013 Clear as Mud"}]},{"@type":"WebSite","@id":"https:\/\/calclimateag.org\/#website","url":"https:\/\/calclimateag.org\/","name":"CalCAN - Red de Clima y Agricultura de California","description":"Red de Clima y Agricultura de California","potentialAction":[{"@type":"SearchAction","target":{"@type":"EntryPoint","urlTemplate":"https:\/\/calclimateag.org\/?s={search_term_string}"},"query-input":{"@type":"PropertyValueSpecification","valueRequired":true,"valueName":"search_term_string"}}],"inLanguage":"es"},{"@type":"Person","@id":"https:\/\/calclimateag.org\/#\/schema\/person\/3890271601970b546781884450be6fd4","name":"Renata Brillinger","image":{"@type":"ImageObject","inLanguage":"es","@id":"https:\/\/secure.gravatar.com\/avatar\/8cab49a0c269f069be6ac1c17b133b643474764818cfcd57b10d7fd4da4f0fba?s=96&d=mm&r=g","url":"https:\/\/secure.gravatar.com\/avatar\/8cab49a0c269f069be6ac1c17b133b643474764818cfcd57b10d7fd4da4f0fba?s=96&d=mm&r=g","contentUrl":"https:\/\/secure.gravatar.com\/avatar\/8cab49a0c269f069be6ac1c17b133b643474764818cfcd57b10d7fd4da4f0fba?s=96&d=mm&r=g","caption":"Renata Brillinger"},"url":"#molongui-disabled-link"}]}},"jetpack_publicize_connections":[],"jetpack_featured_media_url":"","jetpack_sharing_enabled":true,"jetpack_shortlink":"https:\/\/wp.me\/pap9il-12x","jetpack-related-posts":[{"id":17860,"url":"https:\/\/calclimateag.org\/es\/calcan-goes-to-the-nations-capitol\/","url_meta":{"origin":4001,"position":0},"title":"CalCAN Goes to the Nation\u2019s Capitol","author":"Renata Brillinger","date":"febrero 8, 2023 7:20 am","format":false,"excerpt":"I had a chance to visit Washington DC last week to attend the winter member meeting of the National Sustainable Agriculture Coalition (NSAC), an annual gathering of organizations from around the country. The focus of the two-day meeting was on our coalition strategy for the 2023 Farm Bill. Sessions covered\u2026","rel":"","context":"En \u00abPeople\u00bb","block_context":{"text":"People","link":"https:\/\/calclimateag.org\/es\/category\/people\/"},"img":{"alt_text":"Renata Brillinger (CalCAN) and Martin Guerena (NCAT) at the NSAC lobby day.","src":"https:\/\/i0.wp.com\/calclimateag.org\/wp-content\/uploads\/2023\/02\/IMG_4682-preview-scaled-e1675808266485.jpg?fit=500%2C476&ssl=1&resize=350%2C200","width":350,"height":200},"classes":[]},{"id":6378,"url":"https:\/\/calclimateag.org\/es\/healthy-soils-taking-climate-center-stage-in-2016\/","url_meta":{"origin":4001,"position":1},"title":"Healthy Soils Taking Climate Center Stage in 2016","author":"Beth Smoker","date":"febrero 16, 2016 10:00 am","format":false,"excerpt":"As we\u2019ve mentioned before, the Governor has proposed $20 million for a Healthy Soils Initiative. Various state programs are increasingly funding healthy soils as well. We recently outlined the Department of Water Resources Proposition 1-funded program, which has recognized improved soil organic matter as a strategy for enhancing the water\u2026","rel":"","context":"En \u00abPractices\u00bb","block_context":{"text":"Practices","link":"https:\/\/calclimateag.org\/es\/category\/practices\/"},"img":{"alt_text":"IMG_8597","src":"https:\/\/i0.wp.com\/calclimateag.org\/wp-content\/uploads\/2016\/02\/IMG_8597-225x300.jpg?resize=350%2C200&ssl=1","width":350,"height":200},"classes":[]},{"id":2881,"url":"https:\/\/calclimateag.org\/es\/path-to-the-2012-farm-bill-senate-passes-its-farm-bill-house-delays\/","url_meta":{"origin":4001,"position":2},"title":"Path to the 2012 Farm Bill: Senate Passes its Farm Bill, House Delays","author":"Jeanne Merrill","date":"junio 21, 2012 10:22 pm","format":false,"excerpt":"CalCAN is one of eleven members of the California Caucus of the National Sustainable Agriculture Coalition. \u00a0We are heartened by the passage of several NSAC supported Senate amendments to the farm bill. \u00a0Thank you to all of you who made phones, wrote your Senators and made your voice heard. \u00a0It\u2026","rel":"","context":"En \u00abPolicy\u00bb","block_context":{"text":"Policy","link":"https:\/\/calclimateag.org\/es\/category\/policy\/"},"img":{"alt_text":"","src":"","width":0,"height":0},"classes":[]},{"id":15849,"url":"https:\/\/calclimateag.org\/es\/inside-the-fy22-appropriations-package-wins-for-sustainable-agriculture\/","url_meta":{"origin":4001,"position":3},"title":"Inside the FY22 Appropriations Package: Wins for Sustainable Agriculture","author":"Guest Blogger","date":"abril 12, 2022 10:00 am","format":false,"excerpt":"More Federal Funding for Sustainable Agriculture This blog is reposted from the National Sustainable Agriculture Coalition (NSAC), of which, CalCAN is a member. View the original post\u00a0here.\u00a0 On March 15th President Biden signed\u00a0H.R. 2471,\u00a0the Consolidated Appropriations Act of 2022, also known as the fiscal year (FY) 2022 Omnibus, after significant\u2026","rel":"","context":"En \u00abPolicy\u00bb","block_context":{"text":"Policy","link":"https:\/\/calclimateag.org\/es\/category\/policy\/"},"img":{"alt_text":"","src":"https:\/\/i0.wp.com\/calclimateag.org\/wp-content\/uploads\/2022\/04\/Leonardo-Aguila-checks-his-orchard-of-avocado-trees-on-his-6.3-acre-farm-in-Fallbrook-CA-on-Nov.-11-2018..jpeg?fit=799%2C533&ssl=1&resize=350%2C200","width":350,"height":200,"srcset":"https:\/\/i0.wp.com\/calclimateag.org\/wp-content\/uploads\/2022\/04\/Leonardo-Aguila-checks-his-orchard-of-avocado-trees-on-his-6.3-acre-farm-in-Fallbrook-CA-on-Nov.-11-2018..jpeg?fit=799%2C533&ssl=1&resize=350%2C200 1x, https:\/\/i0.wp.com\/calclimateag.org\/wp-content\/uploads\/2022\/04\/Leonardo-Aguila-checks-his-orchard-of-avocado-trees-on-his-6.3-acre-farm-in-Fallbrook-CA-on-Nov.-11-2018..jpeg?fit=799%2C533&ssl=1&resize=525%2C300 1.5x, https:\/\/i0.wp.com\/calclimateag.org\/wp-content\/uploads\/2022\/04\/Leonardo-Aguila-checks-his-orchard-of-avocado-trees-on-his-6.3-acre-farm-in-Fallbrook-CA-on-Nov.-11-2018..jpeg?fit=799%2C533&ssl=1&resize=700%2C400 2x"},"classes":[]},{"id":1179,"url":"https:\/\/calclimateag.org\/es\/house-gop-funding-proposal-would-cut-sustainable-ag-programs\/","url_meta":{"origin":4001,"position":4},"title":"La propuesta de financiaci\u00f3n del Partido Republicano recortar\u00eda los programas de agricultura sostenible","author":"Renata Brillinger","date":"febrero 14, 2011 10:50 pm","format":false,"excerpt":"Reposted from the blog of the National Sustainable Agriculture Coalition (NSAC) \u2022\u00a0 February 12th, 2011 Following a revolt by some of their rank and file on Thursday, House Republican leaders on Friday night released their draft bill to cut government funding for the remainder of the fiscal year that end\u2026","rel":"","context":"En \u00abPolicy\u00bb","block_context":{"text":"Policy","link":"https:\/\/calclimateag.org\/es\/category\/policy\/"},"img":{"alt_text":"","src":"","width":0,"height":0},"classes":[]}],"jetpack_likes_enabled":false,"_links":{"self":[{"href":"https:\/\/calclimateag.org\/es\/wp-json\/wp\/v2\/posts\/4001","targetHints":{"allow":["GET"]}}],"collection":[{"href":"https:\/\/calclimateag.org\/es\/wp-json\/wp\/v2\/posts"}],"about":[{"href":"https:\/\/calclimateag.org\/es\/wp-json\/wp\/v2\/types\/post"}],"author":[{"embeddable":true,"href":"https:\/\/calclimateag.org\/es\/wp-json\/wp\/v2\/users\/3"}],"replies":[{"embeddable":true,"href":"https:\/\/calclimateag.org\/es\/wp-json\/wp\/v2\/comments?post=4001"}],"version-history":[{"count":0,"href":"https:\/\/calclimateag.org\/es\/wp-json\/wp\/v2\/posts\/4001\/revisions"}],"wp:attachment":[{"href":"https:\/\/calclimateag.org\/es\/wp-json\/wp\/v2\/media?parent=4001"}],"wp:term":[{"taxonomy":"category","embeddable":true,"href":"https:\/\/calclimateag.org\/es\/wp-json\/wp\/v2\/categories?post=4001"},{"taxonomy":"post_tag","embeddable":true,"href":"https:\/\/calclimateag.org\/es\/wp-json\/wp\/v2\/tags?post=4001"}],"curies":[{"name":"wp","href":"https:\/\/api.w.org\/{rel}","templated":true}]}}