{"id":2888,"date":"2012-07-09T04:38:58","date_gmt":"2012-07-09T04:38:58","guid":{"rendered":"https:\/\/calcanstaging.kinsta.cloud\/?p=2888"},"modified":"2012-07-09T04:38:58","modified_gmt":"2012-07-09T04:38:58","slug":"nsac-comments-on-house-agriculture-committee-farm-bill-draft","status":"publish","type":"post","link":"https:\/\/calclimateag.org\/es\/nsac-comments-on-house-agriculture-committee-farm-bill-draft\/","title":{"rendered":"NSAC Comments on House Agriculture Committee Farm Bill Draft"},"content":{"rendered":"<p><em><strong><a href=\"http:\/\/sustainableagriculture.net\/blog\/for-immediate-release-nsac-comments-on-house-agriculture-committee-farm-bill-draft\/?utm_source=roundup&amp;utm_medium=email\" target=\"_blank\">Reposted from the National Sustainable Agriculture Coalition<\/a><\/strong><\/em><\/p>\n<p><em>Washington, DC \u2013<\/em>\u00a0Yesterday Chairman Frank Lucas and Ranking Member Collin Peterson released their draft farm bill ahead of the House Agriculture Committee\u2019s farm bill markup next week.\u00a0 The bill generates $35 billion in savings by cutting over $16 billion from nutrition programs and more than $6 billion from conservation programs, while increasing crop insurance subsidies and decreasing commodity subsidies for a net savings of over $14 billion.<\/p>\n<p>\u201cNSAC is pleased that the farm bill process has started in the House and with some of the specific provisions in the bill, but we are overall very disappointed with the draft starting point,\u201d said Ferd Hoefner, NSAC Policy Director.\u00a0 \u201cThis is an anti-reform bill \u2014 bad for family farmers, rural communities, and the environment.\u00a0 It will need to be reworked very substantially to gain the support of our coalition of farm and rural groups as the process moves forward.\u201d<\/p>\n<p>Under the draft bill, federal crop insurance subsidies would balloon to an unprecedented average of $10 billion per year \u2014 with no subsidy caps, no targeting, no income limits, and not even minimal conservation requirements.\u00a0 \u201cAt a time when our nation faces record deficits, the draft bill is fiscally irresponsible, providing unlimited premium subsidies to the nation\u2019s largest farms and wealthiest landowners.\u201d said Hoefner.<\/p>\n<p>The draft bill would increase the commodity payment limit by 250 percent above the already generous Senate-passed levels, and unlike the Senate-passed bill, would leave wide-open the current loopholes that allow mega-farms and absentee landowners to collect farm payments.\u00a0 \u201cSubsidy loopholes that enable waste, fraud, and abuse in commodity programs are alive and well in this bill,\u201d noted Hoefner.<\/p>\n<p>The draft bill significantly limits the tools that farmers have at their disposal to deal with soil and water improvements in the face of increasingly unpredictable weather and production conditions.\u00a0 \u201cA modern, fiscally responsible farm safety net would not just pay farmers for a loss but help them to prevent it in the future,\u201d said Hoefner.\u00a0 \u201cBy cutting acreage for the Conservation Stewardship Program by a whopping 30 percent, the draft House bill is telling farmers to \u2018go it alone\u2019 if they want to be proactive about smart land management.\u201d<\/p>\n<p>While the draft bill includes a Sodsaver provision to protect native grasslands, the provision is regional \u2014 not national \u2014 in scope.\u00a0 \u201cThe Committee has ignored the call by sportsmen, conservationists, and farmers for a national Sodsaver provision,\u201d said Hoefner.\u00a0 \u201cThe bill includes a piecemeal Sodsaver provision that would cause administrative headaches and farmer anger over arbitrary lines and inequities.\u201d<\/p>\n<p>The draft bill cuts in half the funding for USDA\u2019s keystone programs for beginning farmers and minority farmers, and cuts funding for rural economic development by 88 percent when compared to the average funding levels of the past three farm bills.<\/p>\n<p>\u201cCreating jobs in rural America and ensuring the success of the next generation of farmers are national priorities for American agriculture,\u201d said Hoefner, \u201cbut the draft House bill punts on funding for these priorities, leaving rural communities and beginning farmers in the lurch.\u201d<\/p>\n<p>Among the many programs the draft bill repeals is a program that assists organic farmers with the costs of complying with regulations.\u00a0 \u201cOrganic is one of the fastest growing sectors of agriculture,\u201d noted Hoefner.\u00a0 \u201cA repeal of organic certification cost share is an attack on this growth.\u201d<\/p>\n<p>The Committee is scheduled to markup the draft bill on July 11.\u00a0 \u201cThe Committee should address these major deficiencies when it meets to markup a bill next week,\u201d said Hoefner.\u00a0 \u201cTo the extent that does not happen, we are confident that these will be topics of major amendments when and if the bill reaches the House floor.\u201d<\/p>\n<div><\/div>","protected":false},"excerpt":{"rendered":"<p>Reposted from the National Sustainable Agriculture Coalition Washington, DC \u2013\u00a0Yesterday Chairman Frank Lucas and Ranking Member Collin Peterson released their draft&#8230;<\/p>","protected":false},"author":3,"featured_media":0,"comment_status":"open","ping_status":"closed","sticky":false,"template":"","format":"standard","meta":{"_acf_changed":false,"inline_featured_image":false,"_monsterinsights_skip_tracking":false,"_monsterinsights_sitenote_active":false,"_monsterinsights_sitenote_note":"","_monsterinsights_sitenote_category":0,"jetpack_post_was_ever_published":false,"_jetpack_newsletter_access":"","_jetpack_dont_email_post_to_subs":false,"_jetpack_newsletter_tier_id":0,"_jetpack_memberships_contains_paywalled_content":false,"mc4wp_mailchimp_campaign":[],"_jetpack_memberships_contains_paid_content":false,"footnotes":"","jetpack_publicize_message":"","jetpack_publicize_feature_enabled":true,"jetpack_social_post_already_shared":false,"jetpack_social_options":{"image_generator_settings":{"template":"highway","default_image_id":0,"font":"","enabled":false},"version":2}},"categories":[680],"tags":[],"class_list":["post-2888","post","type-post","status-publish","format-standard","hentry","category-policy"],"acf":[],"yoast_head":"<!-- This site is optimized with the Yoast SEO plugin v27.3 - https:\/\/yoast.com\/product\/yoast-seo-wordpress\/ -->\n<title>NSAC Comments on House Agriculture Committee Farm Bill Draft | CalCAN - California Climate &amp; Agriculture Network<\/title>\n<meta name=\"robots\" content=\"index, follow, max-snippet:-1, max-image-preview:large, max-video-preview:-1\" \/>\n<link rel=\"canonical\" href=\"https:\/\/calclimateag.org\/es\/nsac-comments-on-house-agriculture-committee-farm-bill-draft\/\" \/>\n<meta property=\"og:locale\" content=\"es_ES\" \/>\n<meta property=\"og:type\" content=\"article\" \/>\n<meta property=\"og:title\" content=\"NSAC Comments on House Agriculture Committee Farm Bill Draft | CalCAN - California Climate &amp; Agriculture Network\" \/>\n<meta property=\"og:description\" content=\"Reposted from the National Sustainable Agriculture Coalition Washington, DC \u2013\u00a0Yesterday Chairman Frank Lucas and Ranking Member Collin Peterson released their draft...\" \/>\n<meta property=\"og:url\" content=\"https:\/\/calclimateag.org\/es\/nsac-comments-on-house-agriculture-committee-farm-bill-draft\/\" \/>\n<meta property=\"og:site_name\" content=\"CalCAN - California Climate &amp; Agriculture Network\" \/>\n<meta property=\"article:published_time\" content=\"2012-07-09T04:38:58+00:00\" \/>\n<meta name=\"author\" content=\"Renata Brillinger\" \/>\n<meta name=\"twitter:card\" content=\"summary_large_image\" \/>\n<meta name=\"twitter:label1\" content=\"Escrito por\" \/>\n\t<meta name=\"twitter:data1\" content=\"Renata Brillinger\" \/>\n\t<meta name=\"twitter:label2\" content=\"Tiempo de lectura\" \/>\n\t<meta name=\"twitter:data2\" content=\"3 minutos\" \/>\n<script type=\"application\/ld+json\" class=\"yoast-schema-graph\">{\"@context\":\"https:\\\/\\\/schema.org\",\"@graph\":[{\"@type\":\"Article\",\"@id\":\"https:\\\/\\\/calclimateag.org\\\/nsac-comments-on-house-agriculture-committee-farm-bill-draft\\\/#article\",\"isPartOf\":{\"@id\":\"https:\\\/\\\/calclimateag.org\\\/nsac-comments-on-house-agriculture-committee-farm-bill-draft\\\/\"},\"author\":{\"name\":\"Renata Brillinger\",\"@id\":\"https:\\\/\\\/calclimateag.org\\\/#\\\/schema\\\/person\\\/3890271601970b546781884450be6fd4\"},\"headline\":\"NSAC Comments on House Agriculture Committee Farm Bill Draft\",\"datePublished\":\"2012-07-09T04:38:58+00:00\",\"mainEntityOfPage\":{\"@id\":\"https:\\\/\\\/calclimateag.org\\\/nsac-comments-on-house-agriculture-committee-farm-bill-draft\\\/\"},\"wordCount\":614,\"commentCount\":0,\"articleSection\":[\"Policy\"],\"inLanguage\":\"es\",\"potentialAction\":[{\"@type\":\"CommentAction\",\"name\":\"Comment\",\"target\":[\"https:\\\/\\\/calclimateag.org\\\/nsac-comments-on-house-agriculture-committee-farm-bill-draft\\\/#respond\"]}]},{\"@type\":\"WebPage\",\"@id\":\"https:\\\/\\\/calclimateag.org\\\/nsac-comments-on-house-agriculture-committee-farm-bill-draft\\\/\",\"url\":\"https:\\\/\\\/calclimateag.org\\\/nsac-comments-on-house-agriculture-committee-farm-bill-draft\\\/\",\"name\":\"NSAC Comments on House Agriculture Committee Farm Bill Draft | CalCAN - California Climate &amp; Agriculture Network\",\"isPartOf\":{\"@id\":\"https:\\\/\\\/calclimateag.org\\\/#website\"},\"datePublished\":\"2012-07-09T04:38:58+00:00\",\"author\":{\"@id\":\"https:\\\/\\\/calclimateag.org\\\/#\\\/schema\\\/person\\\/3890271601970b546781884450be6fd4\"},\"breadcrumb\":{\"@id\":\"https:\\\/\\\/calclimateag.org\\\/nsac-comments-on-house-agriculture-committee-farm-bill-draft\\\/#breadcrumb\"},\"inLanguage\":\"es\",\"potentialAction\":[{\"@type\":\"ReadAction\",\"target\":[\"https:\\\/\\\/calclimateag.org\\\/nsac-comments-on-house-agriculture-committee-farm-bill-draft\\\/\"]}]},{\"@type\":\"BreadcrumbList\",\"@id\":\"https:\\\/\\\/calclimateag.org\\\/nsac-comments-on-house-agriculture-committee-farm-bill-draft\\\/#breadcrumb\",\"itemListElement\":[{\"@type\":\"ListItem\",\"position\":1,\"name\":\"Home\",\"item\":\"https:\\\/\\\/calclimateag.org\\\/\"},{\"@type\":\"ListItem\",\"position\":2,\"name\":\"NSAC Comments on House Agriculture Committee Farm Bill Draft\"}]},{\"@type\":\"WebSite\",\"@id\":\"https:\\\/\\\/calclimateag.org\\\/#website\",\"url\":\"https:\\\/\\\/calclimateag.org\\\/\",\"name\":\"CalCAN - California Climate &amp; Agriculture Network\",\"description\":\"California Climate &amp; Agriculture Network\",\"potentialAction\":[{\"@type\":\"SearchAction\",\"target\":{\"@type\":\"EntryPoint\",\"urlTemplate\":\"https:\\\/\\\/calclimateag.org\\\/?s={search_term_string}\"},\"query-input\":{\"@type\":\"PropertyValueSpecification\",\"valueRequired\":true,\"valueName\":\"search_term_string\"}}],\"inLanguage\":\"es\"},{\"@type\":\"Person\",\"@id\":\"https:\\\/\\\/calclimateag.org\\\/#\\\/schema\\\/person\\\/3890271601970b546781884450be6fd4\",\"name\":\"Renata Brillinger\",\"image\":{\"@type\":\"ImageObject\",\"inLanguage\":\"es\",\"@id\":\"https:\\\/\\\/secure.gravatar.com\\\/avatar\\\/8cab49a0c269f069be6ac1c17b133b643474764818cfcd57b10d7fd4da4f0fba?s=96&d=mm&r=g\",\"url\":\"https:\\\/\\\/secure.gravatar.com\\\/avatar\\\/8cab49a0c269f069be6ac1c17b133b643474764818cfcd57b10d7fd4da4f0fba?s=96&d=mm&r=g\",\"contentUrl\":\"https:\\\/\\\/secure.gravatar.com\\\/avatar\\\/8cab49a0c269f069be6ac1c17b133b643474764818cfcd57b10d7fd4da4f0fba?s=96&d=mm&r=g\",\"caption\":\"Renata Brillinger\"},\"url\":\"#molongui-disabled-link\"}]}<\/script>\n<!-- \/ Yoast SEO plugin. -->","yoast_head_json":{"title":"NSAC Comments on House Agriculture Committee Farm Bill Draft | CalCAN - California Climate &amp; Agriculture Network","robots":{"index":"index","follow":"follow","max-snippet":"max-snippet:-1","max-image-preview":"max-image-preview:large","max-video-preview":"max-video-preview:-1"},"canonical":"https:\/\/calclimateag.org\/es\/nsac-comments-on-house-agriculture-committee-farm-bill-draft\/","og_locale":"es_ES","og_type":"article","og_title":"NSAC Comments on House Agriculture Committee Farm Bill Draft | CalCAN - California Climate &amp; Agriculture Network","og_description":"Reposted from the National Sustainable Agriculture Coalition Washington, DC \u2013\u00a0Yesterday Chairman Frank Lucas and Ranking Member Collin Peterson released their draft...","og_url":"https:\/\/calclimateag.org\/es\/nsac-comments-on-house-agriculture-committee-farm-bill-draft\/","og_site_name":"CalCAN - California Climate &amp; Agriculture Network","article_published_time":"2012-07-09T04:38:58+00:00","author":"Renata Brillinger","twitter_card":"summary_large_image","twitter_misc":{"Escrito por":"Renata Brillinger","Tiempo de lectura":"3 minutos"},"schema":{"@context":"https:\/\/schema.org","@graph":[{"@type":"Article","@id":"https:\/\/calclimateag.org\/nsac-comments-on-house-agriculture-committee-farm-bill-draft\/#article","isPartOf":{"@id":"https:\/\/calclimateag.org\/nsac-comments-on-house-agriculture-committee-farm-bill-draft\/"},"author":{"name":"Renata Brillinger","@id":"https:\/\/calclimateag.org\/#\/schema\/person\/3890271601970b546781884450be6fd4"},"headline":"NSAC Comments on House Agriculture Committee Farm Bill Draft","datePublished":"2012-07-09T04:38:58+00:00","mainEntityOfPage":{"@id":"https:\/\/calclimateag.org\/nsac-comments-on-house-agriculture-committee-farm-bill-draft\/"},"wordCount":614,"commentCount":0,"articleSection":["Policy"],"inLanguage":"es","potentialAction":[{"@type":"CommentAction","name":"Comment","target":["https:\/\/calclimateag.org\/nsac-comments-on-house-agriculture-committee-farm-bill-draft\/#respond"]}]},{"@type":"WebPage","@id":"https:\/\/calclimateag.org\/nsac-comments-on-house-agriculture-committee-farm-bill-draft\/","url":"https:\/\/calclimateag.org\/nsac-comments-on-house-agriculture-committee-farm-bill-draft\/","name":"NSAC Comments on House Agriculture Committee Farm Bill Draft | CalCAN - California Climate &amp; Agriculture Network","isPartOf":{"@id":"https:\/\/calclimateag.org\/#website"},"datePublished":"2012-07-09T04:38:58+00:00","author":{"@id":"https:\/\/calclimateag.org\/#\/schema\/person\/3890271601970b546781884450be6fd4"},"breadcrumb":{"@id":"https:\/\/calclimateag.org\/nsac-comments-on-house-agriculture-committee-farm-bill-draft\/#breadcrumb"},"inLanguage":"es","potentialAction":[{"@type":"ReadAction","target":["https:\/\/calclimateag.org\/nsac-comments-on-house-agriculture-committee-farm-bill-draft\/"]}]},{"@type":"BreadcrumbList","@id":"https:\/\/calclimateag.org\/nsac-comments-on-house-agriculture-committee-farm-bill-draft\/#breadcrumb","itemListElement":[{"@type":"ListItem","position":1,"name":"Home","item":"https:\/\/calclimateag.org\/"},{"@type":"ListItem","position":2,"name":"NSAC Comments on House Agriculture Committee Farm Bill Draft"}]},{"@type":"WebSite","@id":"https:\/\/calclimateag.org\/#website","url":"https:\/\/calclimateag.org\/","name":"CalCAN - Red de Clima y Agricultura de California","description":"Red de Clima y Agricultura de California","potentialAction":[{"@type":"SearchAction","target":{"@type":"EntryPoint","urlTemplate":"https:\/\/calclimateag.org\/?s={search_term_string}"},"query-input":{"@type":"PropertyValueSpecification","valueRequired":true,"valueName":"search_term_string"}}],"inLanguage":"es"},{"@type":"Person","@id":"https:\/\/calclimateag.org\/#\/schema\/person\/3890271601970b546781884450be6fd4","name":"Renata Brillinger","image":{"@type":"ImageObject","inLanguage":"es","@id":"https:\/\/secure.gravatar.com\/avatar\/8cab49a0c269f069be6ac1c17b133b643474764818cfcd57b10d7fd4da4f0fba?s=96&d=mm&r=g","url":"https:\/\/secure.gravatar.com\/avatar\/8cab49a0c269f069be6ac1c17b133b643474764818cfcd57b10d7fd4da4f0fba?s=96&d=mm&r=g","contentUrl":"https:\/\/secure.gravatar.com\/avatar\/8cab49a0c269f069be6ac1c17b133b643474764818cfcd57b10d7fd4da4f0fba?s=96&d=mm&r=g","caption":"Renata Brillinger"},"url":"#molongui-disabled-link"}]}},"jetpack_publicize_connections":[],"jetpack_featured_media_url":"","jetpack_sharing_enabled":true,"jetpack_shortlink":"https:\/\/wp.me\/pap9il-KA","jetpack-related-posts":[{"id":9080,"url":"https:\/\/calclimateag.org\/es\/the-facts-about-working-lands-conservation-in-the-house-draft-farm-bill\/","url_meta":{"origin":2888,"position":0},"title":"Datos sobre la conservaci\u00f3n de las tierras de labor en el proyecto de ley agraria de la C\u00e1mara de Representantes","author":"Jeanne Merrill","date":"abril 16, 2018 11:30 am","format":false,"excerpt":"CalCAN is a member of the National Sustainable Agriculture Coalition (NSAC). We occasionally repost their blogs on key federal policy issues. Last week, the House Agriculture Committee Chair released a draft farm bill.\u00a0 Below is NSAC's analysis on the working lands conservation provisions in the House bill. NSAC has a\u2026","rel":"","context":"En \u00abPolicy\u00bb","block_context":{"text":"Policy","link":"https:\/\/calclimateag.org\/es\/category\/policy\/"},"img":{"alt_text":"","src":"https:\/\/i0.wp.com\/calclimateag.org\/wp-content\/uploads\/2017\/10\/USDA-NRCS-orchard-irrigation.jpg?fit=640%2C427&ssl=1&resize=350%2C200","width":350,"height":200,"srcset":"https:\/\/i0.wp.com\/calclimateag.org\/wp-content\/uploads\/2017\/10\/USDA-NRCS-orchard-irrigation.jpg?fit=640%2C427&ssl=1&resize=350%2C200 1x, https:\/\/i0.wp.com\/calclimateag.org\/wp-content\/uploads\/2017\/10\/USDA-NRCS-orchard-irrigation.jpg?fit=640%2C427&ssl=1&resize=525%2C300 1.5x"},"classes":[]},{"id":4292,"url":"https:\/\/calclimateag.org\/es\/finally-a-farm-bill\/","url_meta":{"origin":2888,"position":1},"title":"Por fin, una ley agr\u00edcola","author":"Renata Brillinger","date":"enero 28, 2014 7:00 pm","format":false,"excerpt":"California Caucus members of the National Sustainable Agriculture Coalition, including CalCAN, expressed reluctant support for the farm bill up for final vote in Congress the last week of January. \u00a0The bill cuts billions from conservation programs and fails on key commodity reforms, but\u00a0renews the critical investments in important programs for\u2026","rel":"","context":"En \u00abPolicy\u00bb","block_context":{"text":"Policy","link":"https:\/\/calclimateag.org\/es\/category\/policy\/"},"img":{"alt_text":"","src":"","width":0,"height":0},"classes":[]},{"id":1179,"url":"https:\/\/calclimateag.org\/es\/house-gop-funding-proposal-would-cut-sustainable-ag-programs\/","url_meta":{"origin":2888,"position":2},"title":"La propuesta de financiaci\u00f3n del Partido Republicano recortar\u00eda los programas de agricultura sostenible","author":"Renata Brillinger","date":"febrero 14, 2011 10:50 pm","format":false,"excerpt":"Reposted from the blog of the National Sustainable Agriculture Coalition (NSAC) \u2022\u00a0 February 12th, 2011 Following a revolt by some of their rank and file on Thursday, House Republican leaders on Friday night released their draft bill to cut government funding for the remainder of the fiscal year that end\u2026","rel":"","context":"En \u00abPolicy\u00bb","block_context":{"text":"Policy","link":"https:\/\/calclimateag.org\/es\/category\/policy\/"},"img":{"alt_text":"","src":"","width":0,"height":0},"classes":[]},{"id":18954,"url":"https:\/\/calclimateag.org\/es\/nsac-summer-meeting-farm-bill-climate-policy\/","url_meta":{"origin":2888,"position":3},"title":"Reuni\u00f3n de verano de la NSAC en St. Paul: elaboraci\u00f3n de la Ley Agraria y la pol\u00edtica clim\u00e1tica","author":"Amalie Lipstreu","date":"septiembre 6, 2024 10:45 am","format":false,"excerpt":"CalCAN, a member of the National Sustainable Agriculture Coalition (NSAC) since 2009, actively participates in federal policy and budget discussions. NSAC meets with its member base twice a year in the summer and winter to strategize collectively about current campaigns and future Coalition activities.CalCAN attended the summer meeting in early\u2026","rel":"","context":"En \u00abPeople\u00bb","block_context":{"text":"People","link":"https:\/\/calclimateag.org\/es\/category\/people\/"},"img":{"alt_text":"","src":"https:\/\/i0.wp.com\/calclimateag.org\/wp-content\/uploads\/2024\/09\/NSAC_garlic-1-2048x1536-1-e1743542752629.jpg?fit=1075%2C628&ssl=1&resize=350%2C200","width":350,"height":200,"srcset":"https:\/\/i0.wp.com\/calclimateag.org\/wp-content\/uploads\/2024\/09\/NSAC_garlic-1-2048x1536-1-e1743542752629.jpg?fit=1075%2C628&ssl=1&resize=350%2C200 1x, https:\/\/i0.wp.com\/calclimateag.org\/wp-content\/uploads\/2024\/09\/NSAC_garlic-1-2048x1536-1-e1743542752629.jpg?fit=1075%2C628&ssl=1&resize=525%2C300 1.5x, https:\/\/i0.wp.com\/calclimateag.org\/wp-content\/uploads\/2024\/09\/NSAC_garlic-1-2048x1536-1-e1743542752629.jpg?fit=1075%2C628&ssl=1&resize=700%2C400 2x, https:\/\/i0.wp.com\/calclimateag.org\/wp-content\/uploads\/2024\/09\/NSAC_garlic-1-2048x1536-1-e1743542752629.jpg?fit=1075%2C628&ssl=1&resize=1050%2C600 3x"},"classes":[]},{"id":3984,"url":"https:\/\/calclimateag.org\/es\/farm-bill-to-conference-or-not-to-conference\/","url_meta":{"origin":2888,"position":4},"title":"Farm Bill \u2013 To Conference or Not to Conference?","author":"Renata Brillinger","date":"julio 20, 2013 10:39 pm","format":false,"excerpt":"Reposted from the National Sustainable Agriculture Coalition (NSAC) With the House having\u00a0passed a partial farm bill last week, the issue of the moment is whether or not this action signals the start of a conference committee between the House and Senate to craft a final bill. Toward that end, Senate\u2026","rel":"","context":"En \u00abPolicy\u00bb","block_context":{"text":"Policy","link":"https:\/\/calclimateag.org\/es\/category\/policy\/"},"img":{"alt_text":"","src":"","width":0,"height":0},"classes":[]}],"jetpack_likes_enabled":false,"_links":{"self":[{"href":"https:\/\/calclimateag.org\/es\/wp-json\/wp\/v2\/posts\/2888","targetHints":{"allow":["GET"]}}],"collection":[{"href":"https:\/\/calclimateag.org\/es\/wp-json\/wp\/v2\/posts"}],"about":[{"href":"https:\/\/calclimateag.org\/es\/wp-json\/wp\/v2\/types\/post"}],"author":[{"embeddable":true,"href":"https:\/\/calclimateag.org\/es\/wp-json\/wp\/v2\/users\/3"}],"replies":[{"embeddable":true,"href":"https:\/\/calclimateag.org\/es\/wp-json\/wp\/v2\/comments?post=2888"}],"version-history":[{"count":0,"href":"https:\/\/calclimateag.org\/es\/wp-json\/wp\/v2\/posts\/2888\/revisions"}],"wp:attachment":[{"href":"https:\/\/calclimateag.org\/es\/wp-json\/wp\/v2\/media?parent=2888"}],"wp:term":[{"taxonomy":"category","embeddable":true,"href":"https:\/\/calclimateag.org\/es\/wp-json\/wp\/v2\/categories?post=2888"},{"taxonomy":"post_tag","embeddable":true,"href":"https:\/\/calclimateag.org\/es\/wp-json\/wp\/v2\/tags?post=2888"}],"curies":[{"name":"wp","href":"https:\/\/api.w.org\/{rel}","templated":true}]}}