{"id":2881,"date":"2012-06-21T22:22:01","date_gmt":"2012-06-22T06:22:01","guid":{"rendered":"https:\/\/calcanstaging.kinsta.cloud\/?p=2881"},"modified":"2012-06-21T22:22:01","modified_gmt":"2012-06-22T06:22:01","slug":"path-to-the-2012-farm-bill-senate-passes-its-farm-bill-house-delays","status":"publish","type":"post","link":"https:\/\/calclimateag.org\/es\/path-to-the-2012-farm-bill-senate-passes-its-farm-bill-house-delays\/","title":{"rendered":"Path to the 2012 Farm Bill: Senate Passes its Farm Bill, House Delays"},"content":{"rendered":"<h3><em>CalCAN is one of eleven members of the California Caucus of the National Sustainable Agriculture Coalition. \u00a0We are heartened by the passage of several NSAC supported Senate amendments to the farm bill. \u00a0Thank you to all of you who made phones, wrote your Senators and made your voice heard. \u00a0It made a real difference in strengthening the Senate farm bill. Now the farm bill heads to House of Representatives where it will be crucial to defend key conservation, organic, beginning farmer and research programs. \u00a0<\/em><\/h3>\n<p>&nbsp;<\/p>\n<p><em>Please see the following blog post courtesy of the hard working advocates at the <a href=\"http:\/\/sustainableagriculture.net\/\">National Sustainable Agriculture Coalition<\/a>. \u00a0<\/em><\/p>\n<h3>June 21st, 2012<\/h3>\n<p>Today, the Senate passed the Agriculture Reform, Food, and Jobs Act by a vote of\u00a0<a title=\"64-35\" href=\"http:\/\/www.senate.gov\/legislative\/LIS\/roll_call_lists\/roll_call_vote_cfm.cfm?congress=112&amp;session=2&amp;vote=00164\" target=\"_blank\">64-35<\/a>.\u00a0 NSAC supported passage of the bill as amended after three days of Senate debate and voting on amendments.<\/p>\n<p>Ahead of final passage, Chairwoman Stabenow (D-MI) said, \u201cThere are 16 million people whose jobs depend on the strength of the agriculture economy in our food system.\u201d\u00a0 She spoke about the \u201csignificant reforms\u201d in the bill, how the process had been a \u201cvery important bipartisan effort,\u201d and the \u201copportunity\u201d through this vote to vote on deficit reduction.<\/p>\n<p>Ranking Member Roberts (R-KS) echoed Chairwoman Stabenow\u2019s statements, and emphasized how the process had managed to \u201cbreak the logjam of partisanship\u201d that has recently plagued Congress.<\/p>\n<p>Majority Leader Reid (D-NV) and Minority Leader McConnell (R-KY) both praised Chairwoman Stabenow and Ranking Member Roberts for their bipartisan work on the bill, and both spoke in appreciation for the cooperative and relatively smooth process of the bill through the Senate.<\/p>\n<p>Before voting on final passage of the bill, which had to meet a sixty-vote super majority threshold, Senators debated and voted on a series of non-germane amendments.\u00a0 All of the amendments voted on today had to meet the sixty-vote threshold.\u00a0 The vote on the amendment offered by Senator Sanders (I-VT) to allow states to label genetically engineered foods failed\u00a0<a title=\"26-73\" href=\"http:\/\/www.senate.gov\/legislative\/LIS\/roll_call_lists\/roll_call_vote_cfm.cfm?congress=112&amp;session=2&amp;vote=00161\" target=\"_blank\">26-73<\/a>.\u00a0 An Amendment that would have prohibited aerial inspections of CAFOs by the Environmental Protection Agency also failed to meet the sixty vote threshold.<\/p>\n<p>NSAC supported passage of the final bill because of several amendments passed on\u00a0<a title=\"day 1\" href=\"http:\/\/sustainableagriculture.net\/blog\/day-one-senate-farm-bill-votes\/\" target=\"_blank\">day 1<\/a>\u00a0y<a title=\"day 2\" href=\"http:\/\/sustainableagriculture.net\/blog\/day-two-senate-farm-bill-votes\/\" target=\"_blank\">day 2<\/a>\u00a0of the debate.\u00a0 Most notably, amendments by Senator Brown (D-OH) on rural development and beginning farmers, Senator Chambliss (R-GA) on soil and water conservation, and Senators Durbin (D-IL) and Coburn (R-OK) on crop insurance subsidy limits made significant improvements to the bill.\u00a0 Amendments by Senator Merkley (D-OR) on corp insurance for organic farmers, by Senator Grassley (R-IA) on commodity payment limit reform, and Senator Wyden (D-OR) on farm to school pilot programs also greatly improved the bill.<\/p>\n<p>NSAC thanks all of the farmers and grassroots activists who took action in support of reform and a sustainable farming future \u2014 these reforms would not have happened without your calls, emails, and meetings!<\/p>\n<p><strong><em>And in the House\u2026<\/em><\/strong><\/p>\n<p>While the Senate finished its work on the farm bill for the time being, the House delayed committee markup by a few weeks.\u00a0 House Agriculture Committee Chairman Lucas (R-OK) had been planning to hold markup next week but announced that markup has been pushed back to July 11.\u00a0 The decision came after discussions with Majority Leader Cantor (R-VA), who says he wants to \u201cpush the pause button\u201d on the bill and assess the political situation.<\/p>\n<p>Part of the reason for the delay in the House may also be that next week, the full House is debating the\u00a0<a title=\"FY 13 Agriculture Appropriations bill\" href=\"http:\/\/sustainableagriculture.net\/blog\/house-appropriations-fy13-bill\/\" target=\"_blank\">FY 13 Agriculture Appropriations bill<\/a>.\u00a0 Chairman Lucas has said that he anticipates the agriculture appropriations floor debate to be preview of the House floor debate on the farm bill.\u00a0 Most lawmakers anticipate the farm bill floor debate to be the largest unknown in the process, with attempts to reform the bill coming from both the left and right flanks.\u00a0 Because of the anticipated attacks on agriculture spending, Chairman Lucas wants \u201call hands on deck\u201d and his committee members focused on the appropriations floor debate.<\/p>\n<p>We will keep readers appraised of what is in the Lucas bill when it is released and of course cover the House Committee markup process very closely.\u00a0 Assuming passage of a bill out of Committee by July 13, attention will be squarely focused on the House Republican leadership.\u00a0 To date, they have shown very little interest in taking up the farm bill this year, even though the current farm bill expires on September 30.\u00a0 With so little time left, and with the House of session the month of August and big chunks of September, floor time for the farm bill will be difficult to come by.\u00a0 Whether there is a 2012 Farm Bill or not will largely rest in the hands of the top House Republican leadership.<\/p>","protected":false},"excerpt":{"rendered":"<p>CalCAN is one of eleven members of the California Caucus of the National Sustainable Agriculture Coalition. \u00a0We are heartened by the&#8230;<\/p>","protected":false},"author":4,"featured_media":0,"comment_status":"open","ping_status":"closed","sticky":false,"template":"","format":"standard","meta":{"_acf_changed":false,"inline_featured_image":false,"_monsterinsights_skip_tracking":false,"_monsterinsights_sitenote_active":false,"_monsterinsights_sitenote_note":"","_monsterinsights_sitenote_category":0,"jetpack_post_was_ever_published":false,"_jetpack_newsletter_access":"","_jetpack_dont_email_post_to_subs":false,"_jetpack_newsletter_tier_id":0,"_jetpack_memberships_contains_paywalled_content":false,"mc4wp_mailchimp_campaign":[],"_jetpack_memberships_contains_paid_content":false,"footnotes":"","jetpack_publicize_message":"","jetpack_publicize_feature_enabled":true,"jetpack_social_post_already_shared":false,"jetpack_social_options":{"image_generator_settings":{"template":"highway","default_image_id":0,"font":"","enabled":false},"version":2}},"categories":[680],"tags":[89],"class_list":["post-2881","post","type-post","status-publish","format-standard","hentry","category-policy","tag-farm-bill"],"acf":[],"yoast_head":"<!-- This site is optimized with the Yoast SEO plugin v27.3 - https:\/\/yoast.com\/product\/yoast-seo-wordpress\/ -->\n<title>Path to the 2012 Farm Bill: Senate Passes its Farm Bill, House Delays | CalCAN - California Climate &amp; Agriculture Network<\/title>\n<meta name=\"robots\" content=\"index, follow, max-snippet:-1, max-image-preview:large, max-video-preview:-1\" \/>\n<link rel=\"canonical\" href=\"https:\/\/calclimateag.org\/es\/path-to-the-2012-farm-bill-senate-passes-its-farm-bill-house-delays\/\" \/>\n<meta property=\"og:locale\" content=\"es_ES\" \/>\n<meta property=\"og:type\" content=\"article\" \/>\n<meta property=\"og:title\" content=\"Path to the 2012 Farm Bill: Senate Passes its Farm Bill, House Delays | CalCAN - California Climate &amp; Agriculture Network\" \/>\n<meta property=\"og:description\" content=\"CalCAN is one of eleven members of the California Caucus of the National Sustainable Agriculture Coalition. \u00a0We are heartened by the...\" \/>\n<meta property=\"og:url\" content=\"https:\/\/calclimateag.org\/es\/path-to-the-2012-farm-bill-senate-passes-its-farm-bill-house-delays\/\" \/>\n<meta property=\"og:site_name\" content=\"CalCAN - California Climate &amp; Agriculture Network\" \/>\n<meta property=\"article:published_time\" content=\"2012-06-22T06:22:01+00:00\" \/>\n<meta name=\"author\" content=\"Jeanne Merrill\" \/>\n<meta name=\"twitter:card\" content=\"summary_large_image\" \/>\n<meta name=\"twitter:label1\" content=\"Escrito por\" \/>\n\t<meta name=\"twitter:data1\" content=\"Jeanne Merrill\" \/>\n\t<meta name=\"twitter:label2\" content=\"Tiempo de lectura\" \/>\n\t<meta name=\"twitter:data2\" content=\"4 minutos\" \/>\n<script type=\"application\/ld+json\" class=\"yoast-schema-graph\">{\"@context\":\"https:\\\/\\\/schema.org\",\"@graph\":[{\"@type\":\"Article\",\"@id\":\"https:\\\/\\\/calclimateag.org\\\/path-to-the-2012-farm-bill-senate-passes-its-farm-bill-house-delays\\\/#article\",\"isPartOf\":{\"@id\":\"https:\\\/\\\/calclimateag.org\\\/path-to-the-2012-farm-bill-senate-passes-its-farm-bill-house-delays\\\/\"},\"author\":{\"name\":\"Jeanne Merrill\",\"@id\":\"https:\\\/\\\/calclimateag.org\\\/#\\\/schema\\\/person\\\/981ce78a9992d8a61c1d2b405215f9c6\"},\"headline\":\"Path to the 2012 Farm Bill: Senate Passes its Farm Bill, House Delays\",\"datePublished\":\"2012-06-22T06:22:01+00:00\",\"mainEntityOfPage\":{\"@id\":\"https:\\\/\\\/calclimateag.org\\\/path-to-the-2012-farm-bill-senate-passes-its-farm-bill-house-delays\\\/\"},\"wordCount\":791,\"commentCount\":0,\"keywords\":[\"farm bill\"],\"articleSection\":[\"Policy\"],\"inLanguage\":\"es\",\"potentialAction\":[{\"@type\":\"CommentAction\",\"name\":\"Comment\",\"target\":[\"https:\\\/\\\/calclimateag.org\\\/path-to-the-2012-farm-bill-senate-passes-its-farm-bill-house-delays\\\/#respond\"]}]},{\"@type\":\"WebPage\",\"@id\":\"https:\\\/\\\/calclimateag.org\\\/path-to-the-2012-farm-bill-senate-passes-its-farm-bill-house-delays\\\/\",\"url\":\"https:\\\/\\\/calclimateag.org\\\/path-to-the-2012-farm-bill-senate-passes-its-farm-bill-house-delays\\\/\",\"name\":\"Path to the 2012 Farm Bill: Senate Passes its Farm Bill, House Delays | CalCAN - California Climate &amp; Agriculture Network\",\"isPartOf\":{\"@id\":\"https:\\\/\\\/calclimateag.org\\\/#website\"},\"datePublished\":\"2012-06-22T06:22:01+00:00\",\"author\":{\"@id\":\"https:\\\/\\\/calclimateag.org\\\/#\\\/schema\\\/person\\\/981ce78a9992d8a61c1d2b405215f9c6\"},\"breadcrumb\":{\"@id\":\"https:\\\/\\\/calclimateag.org\\\/path-to-the-2012-farm-bill-senate-passes-its-farm-bill-house-delays\\\/#breadcrumb\"},\"inLanguage\":\"es\",\"potentialAction\":[{\"@type\":\"ReadAction\",\"target\":[\"https:\\\/\\\/calclimateag.org\\\/path-to-the-2012-farm-bill-senate-passes-its-farm-bill-house-delays\\\/\"]}]},{\"@type\":\"BreadcrumbList\",\"@id\":\"https:\\\/\\\/calclimateag.org\\\/path-to-the-2012-farm-bill-senate-passes-its-farm-bill-house-delays\\\/#breadcrumb\",\"itemListElement\":[{\"@type\":\"ListItem\",\"position\":1,\"name\":\"Home\",\"item\":\"https:\\\/\\\/calclimateag.org\\\/\"},{\"@type\":\"ListItem\",\"position\":2,\"name\":\"Path to the 2012 Farm Bill: Senate Passes its Farm Bill, House Delays\"}]},{\"@type\":\"WebSite\",\"@id\":\"https:\\\/\\\/calclimateag.org\\\/#website\",\"url\":\"https:\\\/\\\/calclimateag.org\\\/\",\"name\":\"CalCAN - California Climate &amp; Agriculture Network\",\"description\":\"California Climate &amp; Agriculture Network\",\"potentialAction\":[{\"@type\":\"SearchAction\",\"target\":{\"@type\":\"EntryPoint\",\"urlTemplate\":\"https:\\\/\\\/calclimateag.org\\\/?s={search_term_string}\"},\"query-input\":{\"@type\":\"PropertyValueSpecification\",\"valueRequired\":true,\"valueName\":\"search_term_string\"}}],\"inLanguage\":\"es\"},{\"@type\":\"Person\",\"@id\":\"https:\\\/\\\/calclimateag.org\\\/#\\\/schema\\\/person\\\/981ce78a9992d8a61c1d2b405215f9c6\",\"name\":\"Jeanne Merrill\",\"image\":{\"@type\":\"ImageObject\",\"inLanguage\":\"es\",\"@id\":\"https:\\\/\\\/secure.gravatar.com\\\/avatar\\\/87050f9aa5d4c47385e88c4327a5d280d2f6ee00a64d748f3a36813549ca6fcf?s=96&d=mm&r=g\",\"url\":\"https:\\\/\\\/secure.gravatar.com\\\/avatar\\\/87050f9aa5d4c47385e88c4327a5d280d2f6ee00a64d748f3a36813549ca6fcf?s=96&d=mm&r=g\",\"contentUrl\":\"https:\\\/\\\/secure.gravatar.com\\\/avatar\\\/87050f9aa5d4c47385e88c4327a5d280d2f6ee00a64d748f3a36813549ca6fcf?s=96&d=mm&r=g\",\"caption\":\"Jeanne Merrill\"},\"url\":\"#molongui-disabled-link\"}]}<\/script>\n<!-- \/ Yoast SEO plugin. -->","yoast_head_json":{"title":"Path to the 2012 Farm Bill: Senate Passes its Farm Bill, House Delays | CalCAN - California Climate &amp; Agriculture Network","robots":{"index":"index","follow":"follow","max-snippet":"max-snippet:-1","max-image-preview":"max-image-preview:large","max-video-preview":"max-video-preview:-1"},"canonical":"https:\/\/calclimateag.org\/es\/path-to-the-2012-farm-bill-senate-passes-its-farm-bill-house-delays\/","og_locale":"es_ES","og_type":"article","og_title":"Path to the 2012 Farm Bill: Senate Passes its Farm Bill, House Delays | CalCAN - California Climate &amp; Agriculture Network","og_description":"CalCAN is one of eleven members of the California Caucus of the National Sustainable Agriculture Coalition. \u00a0We are heartened by the...","og_url":"https:\/\/calclimateag.org\/es\/path-to-the-2012-farm-bill-senate-passes-its-farm-bill-house-delays\/","og_site_name":"CalCAN - California Climate &amp; Agriculture Network","article_published_time":"2012-06-22T06:22:01+00:00","author":"Jeanne Merrill","twitter_card":"summary_large_image","twitter_misc":{"Escrito por":"Jeanne Merrill","Tiempo de lectura":"4 minutos"},"schema":{"@context":"https:\/\/schema.org","@graph":[{"@type":"Article","@id":"https:\/\/calclimateag.org\/path-to-the-2012-farm-bill-senate-passes-its-farm-bill-house-delays\/#article","isPartOf":{"@id":"https:\/\/calclimateag.org\/path-to-the-2012-farm-bill-senate-passes-its-farm-bill-house-delays\/"},"author":{"name":"Jeanne Merrill","@id":"https:\/\/calclimateag.org\/#\/schema\/person\/981ce78a9992d8a61c1d2b405215f9c6"},"headline":"Path to the 2012 Farm Bill: Senate Passes its Farm Bill, House Delays","datePublished":"2012-06-22T06:22:01+00:00","mainEntityOfPage":{"@id":"https:\/\/calclimateag.org\/path-to-the-2012-farm-bill-senate-passes-its-farm-bill-house-delays\/"},"wordCount":791,"commentCount":0,"keywords":["farm bill"],"articleSection":["Policy"],"inLanguage":"es","potentialAction":[{"@type":"CommentAction","name":"Comment","target":["https:\/\/calclimateag.org\/path-to-the-2012-farm-bill-senate-passes-its-farm-bill-house-delays\/#respond"]}]},{"@type":"WebPage","@id":"https:\/\/calclimateag.org\/path-to-the-2012-farm-bill-senate-passes-its-farm-bill-house-delays\/","url":"https:\/\/calclimateag.org\/path-to-the-2012-farm-bill-senate-passes-its-farm-bill-house-delays\/","name":"Path to the 2012 Farm Bill: Senate Passes its Farm Bill, House Delays | CalCAN - California Climate &amp; Agriculture Network","isPartOf":{"@id":"https:\/\/calclimateag.org\/#website"},"datePublished":"2012-06-22T06:22:01+00:00","author":{"@id":"https:\/\/calclimateag.org\/#\/schema\/person\/981ce78a9992d8a61c1d2b405215f9c6"},"breadcrumb":{"@id":"https:\/\/calclimateag.org\/path-to-the-2012-farm-bill-senate-passes-its-farm-bill-house-delays\/#breadcrumb"},"inLanguage":"es","potentialAction":[{"@type":"ReadAction","target":["https:\/\/calclimateag.org\/path-to-the-2012-farm-bill-senate-passes-its-farm-bill-house-delays\/"]}]},{"@type":"BreadcrumbList","@id":"https:\/\/calclimateag.org\/path-to-the-2012-farm-bill-senate-passes-its-farm-bill-house-delays\/#breadcrumb","itemListElement":[{"@type":"ListItem","position":1,"name":"Home","item":"https:\/\/calclimateag.org\/"},{"@type":"ListItem","position":2,"name":"Path to the 2012 Farm Bill: Senate Passes its Farm Bill, House Delays"}]},{"@type":"WebSite","@id":"https:\/\/calclimateag.org\/#website","url":"https:\/\/calclimateag.org\/","name":"CalCAN - Red de Clima y Agricultura de California","description":"Red de Clima y Agricultura de California","potentialAction":[{"@type":"SearchAction","target":{"@type":"EntryPoint","urlTemplate":"https:\/\/calclimateag.org\/?s={search_term_string}"},"query-input":{"@type":"PropertyValueSpecification","valueRequired":true,"valueName":"search_term_string"}}],"inLanguage":"es"},{"@type":"Person","@id":"https:\/\/calclimateag.org\/#\/schema\/person\/981ce78a9992d8a61c1d2b405215f9c6","name":"Jeanne Merrill","image":{"@type":"ImageObject","inLanguage":"es","@id":"https:\/\/secure.gravatar.com\/avatar\/87050f9aa5d4c47385e88c4327a5d280d2f6ee00a64d748f3a36813549ca6fcf?s=96&d=mm&r=g","url":"https:\/\/secure.gravatar.com\/avatar\/87050f9aa5d4c47385e88c4327a5d280d2f6ee00a64d748f3a36813549ca6fcf?s=96&d=mm&r=g","contentUrl":"https:\/\/secure.gravatar.com\/avatar\/87050f9aa5d4c47385e88c4327a5d280d2f6ee00a64d748f3a36813549ca6fcf?s=96&d=mm&r=g","caption":"Jeanne Merrill"},"url":"#molongui-disabled-link"}]}},"jetpack_publicize_connections":[],"jetpack_featured_media_url":"","jetpack_sharing_enabled":true,"jetpack_shortlink":"https:\/\/wp.me\/pap9il-Kt","jetpack-related-posts":[{"id":3962,"url":"https:\/\/calclimateag.org\/es\/senate-passes-farm-bill-no-action-on-climate-change\/","url_meta":{"origin":2881,"position":0},"title":"Senate Passes Farm Bill, No Action on Climate Change","author":"Jeanne Merrill","date":"junio 14, 2013 9:43 pm","format":false,"excerpt":"This week, the Senate passed its version of the farm bill on a vote of 66 \u2013 27 with attention now turning to the House.\u00a0 Few amendments to the bill were included in the final package, leaving behind a number of the sustainable agriculture amendments supported by the National Sustainable\u2026","rel":"","context":"En \u00abPolicy\u00bb","block_context":{"text":"Policy","link":"https:\/\/calclimateag.org\/es\/category\/policy\/"},"img":{"alt_text":"","src":"https:\/\/i0.wp.com\/www.foodlust.net\/uploads\/7\/5\/1\/8\/7518242\/2635231.jpg?resize=350%2C200","width":350,"height":200},"classes":[]},{"id":2564,"url":"https:\/\/calclimateag.org\/es\/farm-bill-2012-hearings-open-as-next-years-budget-plans-emerge\/","url_meta":{"origin":2881,"position":1},"title":"Comienzan las audiencias sobre la Ley Agr\u00edcola de 2012, mientras se perfilan los planes presupuestarios para el pr\u00f3ximo a\u00f1o","author":"Ted Quaday","date":"febrero 16, 2012 5:45 pm","format":false,"excerpt":"A new chapter on Farm Bill 2012 opened Wednesday with the first in a series of hearings before the Senate Committee on Agriculture. The hearing focused on energy programs and rural economic development. It featured committee chair Senator Debbie Stabenow (D-Mich.) observing that the farm bill is a jobs bill\u2026","rel":"","context":"En \u00abPolicy\u00bb","block_context":{"text":"Policy","link":"https:\/\/calclimateag.org\/es\/category\/policy\/"},"img":{"alt_text":"","src":"","width":0,"height":0},"classes":[]},{"id":2863,"url":"https:\/\/calclimateag.org\/es\/path-to-the-2012-farm-bill-full-senate-takes-up-farm-bill\/","url_meta":{"origin":2881,"position":2},"title":"Path to the 2012 Farm Bill: Full Senate Takes Up Farm Bill","author":"Jeanne Merrill","date":"junio 12, 2012 12:07 am","format":false,"excerpt":"Blog courtesy of our partners at the National Sustainable Agriculture Coalition. This week, the full Senate started its consideration of the Senate Agriculture Committee-passed version of the 2012 Farm Bill \u2014 the Agriculture Reform, Food, and Jobs Act (S. 3240).\u00a0 On Thursday, after several hours of floor statements, the Senate\u2026","rel":"","context":"En \u00abPolicy\u00bb","block_context":{"text":"Policy","link":"https:\/\/calclimateag.org\/es\/category\/policy\/"},"img":{"alt_text":"","src":"","width":0,"height":0},"classes":[]},{"id":18607,"url":"https:\/\/calclimateag.org\/es\/calcan-staff-attends-nsac-annual-meeting\/","url_meta":{"origin":2881,"position":3},"title":"CalCAN cultiva las conexiones en la reuni\u00f3n anual de la NSAC","author":"Amalie Lipstreu","date":"febrero 26, 2024 4:00 pm","format":false,"excerpt":"At the beginning of the month, CalCAN staff gathered in Washington, DC along with other National Sustainable Agriculture Coalition (NSAC) members to discuss and develop campaign strategies for the upcoming year.\u00a0 Amalie Lipstreu, CalCAN's Agriculture Conservation Regional Hub Director, shares her thoughts on attending the annual meeting: As co-chair of\u2026","rel":"","context":"En \u00abPeople\u00bb","block_context":{"text":"People","link":"https:\/\/calclimateag.org\/es\/category\/people\/"},"img":{"alt_text":"","src":"https:\/\/i0.wp.com\/calclimateag.org\/wp-content\/uploads\/2024\/12\/NSAC-Annual-Meeting.jpeg?fit=700%2C525&ssl=1&resize=350%2C200","width":350,"height":200,"srcset":"https:\/\/i0.wp.com\/calclimateag.org\/wp-content\/uploads\/2024\/12\/NSAC-Annual-Meeting.jpeg?fit=700%2C525&ssl=1&resize=350%2C200 1x, https:\/\/i0.wp.com\/calclimateag.org\/wp-content\/uploads\/2024\/12\/NSAC-Annual-Meeting.jpeg?fit=700%2C525&ssl=1&resize=525%2C300 1.5x, https:\/\/i0.wp.com\/calclimateag.org\/wp-content\/uploads\/2024\/12\/NSAC-Annual-Meeting.jpeg?fit=700%2C525&ssl=1&resize=700%2C400 2x"},"classes":[]},{"id":9492,"url":"https:\/\/calclimateag.org\/es\/farm-bill-action-alert-its-time-to-call-for-reform\/","url_meta":{"origin":2881,"position":4},"title":"FARM BILL ACTION ALERT: It&#8217;s Time to Call for Reform","author":"Amy Winzer","date":"junio 26, 2018 10:59 am","format":false,"excerpt":"This action alert is from the National Sustainable Agriculture Coalition, of which CalCAN is a member. We encourage those in California to make calls to the below Senators (numbers and script included). For those from other states, call the Congressional\u00a0switchboard\u00a0to get connected directly:\u00a0(202) 224-3121. This is a big week: the\u2026","rel":"","context":"En \u00abPeople\u00bb","block_context":{"text":"People","link":"https:\/\/calclimateag.org\/es\/category\/people\/"},"img":{"alt_text":"","src":"https:\/\/i0.wp.com\/calclimateag.org\/wp-content\/uploads\/2018\/06\/Senate-Ag-Committee-farm-bill-hearing-2018-300x195.jpg?resize=350%2C200&ssl=1","width":350,"height":200},"classes":[]}],"jetpack_likes_enabled":false,"_links":{"self":[{"href":"https:\/\/calclimateag.org\/es\/wp-json\/wp\/v2\/posts\/2881","targetHints":{"allow":["GET"]}}],"collection":[{"href":"https:\/\/calclimateag.org\/es\/wp-json\/wp\/v2\/posts"}],"about":[{"href":"https:\/\/calclimateag.org\/es\/wp-json\/wp\/v2\/types\/post"}],"author":[{"embeddable":true,"href":"https:\/\/calclimateag.org\/es\/wp-json\/wp\/v2\/users\/4"}],"replies":[{"embeddable":true,"href":"https:\/\/calclimateag.org\/es\/wp-json\/wp\/v2\/comments?post=2881"}],"version-history":[{"count":0,"href":"https:\/\/calclimateag.org\/es\/wp-json\/wp\/v2\/posts\/2881\/revisions"}],"wp:attachment":[{"href":"https:\/\/calclimateag.org\/es\/wp-json\/wp\/v2\/media?parent=2881"}],"wp:term":[{"taxonomy":"category","embeddable":true,"href":"https:\/\/calclimateag.org\/es\/wp-json\/wp\/v2\/categories?post=2881"},{"taxonomy":"post_tag","embeddable":true,"href":"https:\/\/calclimateag.org\/es\/wp-json\/wp\/v2\/tags?post=2881"}],"curies":[{"name":"wp","href":"https:\/\/api.w.org\/{rel}","templated":true}]}}