{"id":2618,"date":"2012-02-29T19:00:49","date_gmt":"2012-03-01T03:00:49","guid":{"rendered":"https:\/\/calcanstaging.kinsta.cloud\/?p=2618"},"modified":"2020-02-12T14:05:11","modified_gmt":"2020-02-12T22:05:11","slug":"u-s-senate-ag-panel-considers-conservation-at-second-farm-bill-hearing","status":"publish","type":"post","link":"https:\/\/calclimateag.org\/es\/u-s-senate-ag-panel-considers-conservation-at-second-farm-bill-hearing\/","title":{"rendered":"U.S. Senate Ag Panel Considers Conservation At Second Farm Bill Hearing"},"content":{"rendered":"<p>Family farmers joined program administrators and others yesterday in telling the U.S. Senate Agriculture Committee that if you want to do some environmental good and help ensure a reliable food supply, make sure federal conservation programs are well-funded under Farm Bill 2012.<\/p>\n<p>Conservation was the focus of the ag panel\u2019s second farm bill hearing on Tuesday, February 28.\u00a0 Natural Resources Conservation Service Chief Dave White told the senators there is continued high demand for conservation programs despite rising crop prices that seem destined to move some conservation lands back into production.<\/p>\n<p>According to the National Sustainable Agriculture Coalition (NSAC), White singled out the Conservation Stewardship Program (CSP) as a particularly popular option among farmers.\u00a0 \u201cI have been stunned by the demand for this program,\u201d said White. \u201cWe have to turn millions of acres away this year. CSP is where the cutting edge in conservation will become the mainstream.\u00a0 It is the only way we will be able to sustain the land in order to feed 9 billion people.\u201d<\/p>\n<p>Minnesota farmer Darrel Mosel told the committee that the CSP \u201cis a program that allows farmers to farm and at the same time enhance the conservation performance and environmental outcomes of their operation.\u00a0 I believe that CSP is a shining example of what\u2019s right in farm policy.\u201d<\/p>\n<p>The NSAC staff members attended yesterday\u2019s hearing and provided a  including additional commentary from family farmers making use of conservation programs to enhance production and preserve environmental quality.<\/p>","protected":false},"excerpt":{"rendered":"<p>Family farmers joined program administrators and others yesterday in telling the U.S. Senate Agriculture Committee that if you want to do&#8230;<\/p>","protected":false},"author":8,"featured_media":0,"comment_status":"open","ping_status":"closed","sticky":false,"template":"","format":"standard","meta":{"_acf_changed":false,"inline_featured_image":false,"_monsterinsights_skip_tracking":false,"_monsterinsights_sitenote_active":false,"_monsterinsights_sitenote_note":"","_monsterinsights_sitenote_category":0,"jetpack_post_was_ever_published":false,"_jetpack_newsletter_access":"","_jetpack_dont_email_post_to_subs":false,"_jetpack_newsletter_tier_id":0,"_jetpack_memberships_contains_paywalled_content":false,"mc4wp_mailchimp_campaign":[],"_jetpack_memberships_contains_paid_content":false,"footnotes":"","jetpack_publicize_message":"","jetpack_publicize_feature_enabled":true,"jetpack_social_post_already_shared":false,"jetpack_social_options":{"image_generator_settings":{"template":"highway","default_image_id":0,"font":"","enabled":false},"version":2}},"categories":[680],"tags":[117,118,89,17,54,70,37],"class_list":["post-2618","post","type-post","status-publish","format-standard","hentry","category-policy","tag-conservation-programs","tag-conservation-stewardship-program","tag-farm-bill","tag-farmer","tag-nrcs","tag-sustainable-agriculture","tag-usda"],"acf":[],"yoast_head":"<!-- This site is optimized with the Yoast SEO plugin v27.3 - https:\/\/yoast.com\/product\/yoast-seo-wordpress\/ -->\n<title>U.S. Senate Ag Panel Considers Conservation At Second Farm Bill Hearing | CalCAN - California Climate &amp; Agriculture Network<\/title>\n<meta name=\"robots\" content=\"index, follow, max-snippet:-1, max-image-preview:large, max-video-preview:-1\" \/>\n<link rel=\"canonical\" href=\"https:\/\/calclimateag.org\/es\/u-s-senate-ag-panel-considers-conservation-at-second-farm-bill-hearing\/\" \/>\n<meta property=\"og:locale\" content=\"es_ES\" \/>\n<meta property=\"og:type\" content=\"article\" \/>\n<meta property=\"og:title\" content=\"U.S. Senate Ag Panel Considers Conservation At Second Farm Bill Hearing | CalCAN - California Climate &amp; Agriculture Network\" \/>\n<meta property=\"og:description\" content=\"Family farmers joined program administrators and others yesterday in telling the U.S. Senate Agriculture Committee that if you want to do...\" \/>\n<meta property=\"og:url\" content=\"https:\/\/calclimateag.org\/es\/u-s-senate-ag-panel-considers-conservation-at-second-farm-bill-hearing\/\" \/>\n<meta property=\"og:site_name\" content=\"CalCAN - California Climate &amp; Agriculture Network\" \/>\n<meta property=\"article:published_time\" content=\"2012-03-01T03:00:49+00:00\" \/>\n<meta property=\"article:modified_time\" content=\"2020-02-12T22:05:11+00:00\" \/>\n<meta name=\"author\" content=\"Ted Quaday\" \/>\n<meta name=\"twitter:card\" content=\"summary_large_image\" \/>\n<meta name=\"twitter:label1\" content=\"Escrito por\" \/>\n\t<meta name=\"twitter:data1\" content=\"Ted Quaday\" \/>\n\t<meta name=\"twitter:label2\" content=\"Tiempo de lectura\" \/>\n\t<meta name=\"twitter:data2\" content=\"1 minuto\" \/>\n<script type=\"application\/ld+json\" class=\"yoast-schema-graph\">{\"@context\":\"https:\\\/\\\/schema.org\",\"@graph\":[{\"@type\":\"Article\",\"@id\":\"https:\\\/\\\/calclimateag.org\\\/u-s-senate-ag-panel-considers-conservation-at-second-farm-bill-hearing\\\/#article\",\"isPartOf\":{\"@id\":\"https:\\\/\\\/calclimateag.org\\\/u-s-senate-ag-panel-considers-conservation-at-second-farm-bill-hearing\\\/\"},\"author\":{\"name\":\"Ted Quaday\",\"@id\":\"https:\\\/\\\/calclimateag.org\\\/#\\\/schema\\\/person\\\/c84eda5a58448d449387affd4eba7b23\"},\"headline\":\"U.S. Senate Ag Panel Considers Conservation At Second Farm Bill Hearing\",\"datePublished\":\"2012-03-01T03:00:49+00:00\",\"dateModified\":\"2020-02-12T22:05:11+00:00\",\"mainEntityOfPage\":{\"@id\":\"https:\\\/\\\/calclimateag.org\\\/u-s-senate-ag-panel-considers-conservation-at-second-farm-bill-hearing\\\/\"},\"wordCount\":256,\"commentCount\":0,\"keywords\":[\"Conservation Programs\",\"Conservation Stewardship Program\",\"farm bill\",\"farmer\",\"NRCS\",\"sustainable agriculture\",\"USDA\"],\"articleSection\":[\"Policy\"],\"inLanguage\":\"es\",\"potentialAction\":[{\"@type\":\"CommentAction\",\"name\":\"Comment\",\"target\":[\"https:\\\/\\\/calclimateag.org\\\/u-s-senate-ag-panel-considers-conservation-at-second-farm-bill-hearing\\\/#respond\"]}]},{\"@type\":\"WebPage\",\"@id\":\"https:\\\/\\\/calclimateag.org\\\/u-s-senate-ag-panel-considers-conservation-at-second-farm-bill-hearing\\\/\",\"url\":\"https:\\\/\\\/calclimateag.org\\\/u-s-senate-ag-panel-considers-conservation-at-second-farm-bill-hearing\\\/\",\"name\":\"U.S. Senate Ag Panel Considers Conservation At Second Farm Bill Hearing | CalCAN - California Climate &amp; Agriculture Network\",\"isPartOf\":{\"@id\":\"https:\\\/\\\/calclimateag.org\\\/#website\"},\"datePublished\":\"2012-03-01T03:00:49+00:00\",\"dateModified\":\"2020-02-12T22:05:11+00:00\",\"author\":{\"@id\":\"https:\\\/\\\/calclimateag.org\\\/#\\\/schema\\\/person\\\/c84eda5a58448d449387affd4eba7b23\"},\"breadcrumb\":{\"@id\":\"https:\\\/\\\/calclimateag.org\\\/u-s-senate-ag-panel-considers-conservation-at-second-farm-bill-hearing\\\/#breadcrumb\"},\"inLanguage\":\"es\",\"potentialAction\":[{\"@type\":\"ReadAction\",\"target\":[\"https:\\\/\\\/calclimateag.org\\\/u-s-senate-ag-panel-considers-conservation-at-second-farm-bill-hearing\\\/\"]}]},{\"@type\":\"BreadcrumbList\",\"@id\":\"https:\\\/\\\/calclimateag.org\\\/u-s-senate-ag-panel-considers-conservation-at-second-farm-bill-hearing\\\/#breadcrumb\",\"itemListElement\":[{\"@type\":\"ListItem\",\"position\":1,\"name\":\"Home\",\"item\":\"https:\\\/\\\/calclimateag.org\\\/\"},{\"@type\":\"ListItem\",\"position\":2,\"name\":\"U.S. Senate Ag Panel Considers Conservation At Second Farm Bill Hearing\"}]},{\"@type\":\"WebSite\",\"@id\":\"https:\\\/\\\/calclimateag.org\\\/#website\",\"url\":\"https:\\\/\\\/calclimateag.org\\\/\",\"name\":\"CalCAN - California Climate &amp; Agriculture Network\",\"description\":\"California Climate &amp; Agriculture Network\",\"potentialAction\":[{\"@type\":\"SearchAction\",\"target\":{\"@type\":\"EntryPoint\",\"urlTemplate\":\"https:\\\/\\\/calclimateag.org\\\/?s={search_term_string}\"},\"query-input\":{\"@type\":\"PropertyValueSpecification\",\"valueRequired\":true,\"valueName\":\"search_term_string\"}}],\"inLanguage\":\"es\"},{\"@type\":\"Person\",\"@id\":\"https:\\\/\\\/calclimateag.org\\\/#\\\/schema\\\/person\\\/c84eda5a58448d449387affd4eba7b23\",\"name\":\"Ted Quaday\",\"image\":{\"@type\":\"ImageObject\",\"inLanguage\":\"es\",\"@id\":\"https:\\\/\\\/secure.gravatar.com\\\/avatar\\\/06c0ad977d87756883651232aa33001b7b28a839d2237cec06099812556c8c36?s=96&d=mm&r=g\",\"url\":\"https:\\\/\\\/secure.gravatar.com\\\/avatar\\\/06c0ad977d87756883651232aa33001b7b28a839d2237cec06099812556c8c36?s=96&d=mm&r=g\",\"contentUrl\":\"https:\\\/\\\/secure.gravatar.com\\\/avatar\\\/06c0ad977d87756883651232aa33001b7b28a839d2237cec06099812556c8c36?s=96&d=mm&r=g\",\"caption\":\"Ted Quaday\"},\"url\":\"#molongui-disabled-link\"}]}<\/script>\n<!-- \/ Yoast SEO plugin. -->","yoast_head_json":{"title":"U.S. Senate Ag Panel Considers Conservation At Second Farm Bill Hearing | CalCAN - California Climate &amp; Agriculture Network","robots":{"index":"index","follow":"follow","max-snippet":"max-snippet:-1","max-image-preview":"max-image-preview:large","max-video-preview":"max-video-preview:-1"},"canonical":"https:\/\/calclimateag.org\/es\/u-s-senate-ag-panel-considers-conservation-at-second-farm-bill-hearing\/","og_locale":"es_ES","og_type":"article","og_title":"U.S. Senate Ag Panel Considers Conservation At Second Farm Bill Hearing | CalCAN - California Climate &amp; Agriculture Network","og_description":"Family farmers joined program administrators and others yesterday in telling the U.S. Senate Agriculture Committee that if you want to do...","og_url":"https:\/\/calclimateag.org\/es\/u-s-senate-ag-panel-considers-conservation-at-second-farm-bill-hearing\/","og_site_name":"CalCAN - California Climate &amp; Agriculture Network","article_published_time":"2012-03-01T03:00:49+00:00","article_modified_time":"2020-02-12T22:05:11+00:00","author":"Ted Quaday","twitter_card":"summary_large_image","twitter_misc":{"Escrito por":"Ted Quaday","Tiempo de lectura":"1 minuto"},"schema":{"@context":"https:\/\/schema.org","@graph":[{"@type":"Article","@id":"https:\/\/calclimateag.org\/u-s-senate-ag-panel-considers-conservation-at-second-farm-bill-hearing\/#article","isPartOf":{"@id":"https:\/\/calclimateag.org\/u-s-senate-ag-panel-considers-conservation-at-second-farm-bill-hearing\/"},"author":{"name":"Ted Quaday","@id":"https:\/\/calclimateag.org\/#\/schema\/person\/c84eda5a58448d449387affd4eba7b23"},"headline":"U.S. Senate Ag Panel Considers Conservation At Second Farm Bill Hearing","datePublished":"2012-03-01T03:00:49+00:00","dateModified":"2020-02-12T22:05:11+00:00","mainEntityOfPage":{"@id":"https:\/\/calclimateag.org\/u-s-senate-ag-panel-considers-conservation-at-second-farm-bill-hearing\/"},"wordCount":256,"commentCount":0,"keywords":["Conservation Programs","Conservation Stewardship Program","farm bill","farmer","NRCS","sustainable agriculture","USDA"],"articleSection":["Policy"],"inLanguage":"es","potentialAction":[{"@type":"CommentAction","name":"Comment","target":["https:\/\/calclimateag.org\/u-s-senate-ag-panel-considers-conservation-at-second-farm-bill-hearing\/#respond"]}]},{"@type":"WebPage","@id":"https:\/\/calclimateag.org\/u-s-senate-ag-panel-considers-conservation-at-second-farm-bill-hearing\/","url":"https:\/\/calclimateag.org\/u-s-senate-ag-panel-considers-conservation-at-second-farm-bill-hearing\/","name":"U.S. Senate Ag Panel Considers Conservation At Second Farm Bill Hearing | CalCAN - California Climate &amp; Agriculture Network","isPartOf":{"@id":"https:\/\/calclimateag.org\/#website"},"datePublished":"2012-03-01T03:00:49+00:00","dateModified":"2020-02-12T22:05:11+00:00","author":{"@id":"https:\/\/calclimateag.org\/#\/schema\/person\/c84eda5a58448d449387affd4eba7b23"},"breadcrumb":{"@id":"https:\/\/calclimateag.org\/u-s-senate-ag-panel-considers-conservation-at-second-farm-bill-hearing\/#breadcrumb"},"inLanguage":"es","potentialAction":[{"@type":"ReadAction","target":["https:\/\/calclimateag.org\/u-s-senate-ag-panel-considers-conservation-at-second-farm-bill-hearing\/"]}]},{"@type":"BreadcrumbList","@id":"https:\/\/calclimateag.org\/u-s-senate-ag-panel-considers-conservation-at-second-farm-bill-hearing\/#breadcrumb","itemListElement":[{"@type":"ListItem","position":1,"name":"Home","item":"https:\/\/calclimateag.org\/"},{"@type":"ListItem","position":2,"name":"U.S. Senate Ag Panel Considers Conservation At Second Farm Bill Hearing"}]},{"@type":"WebSite","@id":"https:\/\/calclimateag.org\/#website","url":"https:\/\/calclimateag.org\/","name":"CalCAN - Red de Clima y Agricultura de California","description":"Red de Clima y Agricultura de California","potentialAction":[{"@type":"SearchAction","target":{"@type":"EntryPoint","urlTemplate":"https:\/\/calclimateag.org\/?s={search_term_string}"},"query-input":{"@type":"PropertyValueSpecification","valueRequired":true,"valueName":"search_term_string"}}],"inLanguage":"es"},{"@type":"Person","@id":"https:\/\/calclimateag.org\/#\/schema\/person\/c84eda5a58448d449387affd4eba7b23","name":"Ted Quaday","image":{"@type":"ImageObject","inLanguage":"es","@id":"https:\/\/secure.gravatar.com\/avatar\/06c0ad977d87756883651232aa33001b7b28a839d2237cec06099812556c8c36?s=96&d=mm&r=g","url":"https:\/\/secure.gravatar.com\/avatar\/06c0ad977d87756883651232aa33001b7b28a839d2237cec06099812556c8c36?s=96&d=mm&r=g","contentUrl":"https:\/\/secure.gravatar.com\/avatar\/06c0ad977d87756883651232aa33001b7b28a839d2237cec06099812556c8c36?s=96&d=mm&r=g","caption":"Ted Quaday"},"url":"#molongui-disabled-link"}]}},"jetpack_publicize_connections":[],"jetpack_featured_media_url":"","jetpack_sharing_enabled":true,"jetpack_shortlink":"https:\/\/wp.me\/pap9il-Ge","jetpack-related-posts":[{"id":2564,"url":"https:\/\/calclimateag.org\/es\/farm-bill-2012-hearings-open-as-next-years-budget-plans-emerge\/","url_meta":{"origin":2618,"position":0},"title":"Comienzan las audiencias sobre la Ley Agr\u00edcola de 2012, mientras se perfilan los planes presupuestarios para el pr\u00f3ximo a\u00f1o","author":"Ted Quaday","date":"febrero 16, 2012 5:45 pm","format":false,"excerpt":"A new chapter on Farm Bill 2012 opened Wednesday with the first in a series of hearings before the Senate Committee on Agriculture. The hearing focused on energy programs and rural economic development. It featured committee chair Senator Debbie Stabenow (D-Mich.) observing that the farm bill is a jobs bill\u2026","rel":"","context":"En \u00abPolicy\u00bb","block_context":{"text":"Policy","link":"https:\/\/calclimateag.org\/es\/category\/policy\/"},"img":{"alt_text":"","src":"","width":0,"height":0},"classes":[]},{"id":18863,"url":"https:\/\/calclimateag.org\/es\/house-and-senate-farm-bill-proposals-for-climate-friendly-agriculture\/","url_meta":{"origin":2618,"position":1},"title":"Lo que se incluye (y lo que falta) en las propuestas de ley de la C\u00e1mara de Representantes y del Senado para una agricultura respetuosa con el clima","author":"Colton Fagundes","date":"julio 25, 2024 7:30 am","format":false,"excerpt":"As the 118th Congress enters its final few months of business before election season, the U.S. House and Senate have made some long-overdue progress on reauthorizing the next farm bill. The 2018 Farm Bill, which expired in September 2023 and temporarily extended until September 2024, is a package of legislation\u2026","rel":"","context":"En \u00abPolicy\u00bb","block_context":{"text":"Policy","link":"https:\/\/calclimateag.org\/es\/category\/policy\/"},"img":{"alt_text":"","src":"https:\/\/i0.wp.com\/calclimateag.org\/wp-content\/uploads\/2024\/07\/Congress_jeffrey-clayton-JAIbZibfQE-unsplash-scaled-e1721850096331.jpg?fit=1200%2C900&ssl=1&resize=350%2C200","width":350,"height":200,"srcset":"https:\/\/i0.wp.com\/calclimateag.org\/wp-content\/uploads\/2024\/07\/Congress_jeffrey-clayton-JAIbZibfQE-unsplash-scaled-e1721850096331.jpg?fit=1200%2C900&ssl=1&resize=350%2C200 1x, https:\/\/i0.wp.com\/calclimateag.org\/wp-content\/uploads\/2024\/07\/Congress_jeffrey-clayton-JAIbZibfQE-unsplash-scaled-e1721850096331.jpg?fit=1200%2C900&ssl=1&resize=525%2C300 1.5x, https:\/\/i0.wp.com\/calclimateag.org\/wp-content\/uploads\/2024\/07\/Congress_jeffrey-clayton-JAIbZibfQE-unsplash-scaled-e1721850096331.jpg?fit=1200%2C900&ssl=1&resize=700%2C400 2x, https:\/\/i0.wp.com\/calclimateag.org\/wp-content\/uploads\/2024\/07\/Congress_jeffrey-clayton-JAIbZibfQE-unsplash-scaled-e1721850096331.jpg?fit=1200%2C900&ssl=1&resize=1050%2C600 3x"},"classes":[]},{"id":15099,"url":"https:\/\/calclimateag.org\/es\/action-alert-this-is-our-moment-for-federal-climate-action\/","url_meta":{"origin":2618,"position":2},"title":"Action Alert: This is Our Moment for Federal Climate Action","author":"Becca Lucas","date":"septiembre 7, 2021 10:00 am","format":false,"excerpt":"Right now, we have a once-in-a-generation opportunity to advocate for huge increases in federal funding for climate solutions in agriculture. If you only have 5 minutes this week to raise your voice in support of a healthy, just and climate-resilient agriculture, this is the action to take! Congress is writing\u2026","rel":"","context":"En \u00abPeople\u00bb","block_context":{"text":"People","link":"https:\/\/calclimateag.org\/es\/category\/people\/"},"img":{"alt_text":"wildfire at full belly","src":"https:\/\/i0.wp.com\/calclimateag.org\/wp-content\/uploads\/2020\/09\/Fire-near-Full-Belly-Thomas-Nelson-scaled.jpg?fit=1200%2C900&ssl=1&resize=350%2C200","width":350,"height":200,"srcset":"https:\/\/i0.wp.com\/calclimateag.org\/wp-content\/uploads\/2020\/09\/Fire-near-Full-Belly-Thomas-Nelson-scaled.jpg?fit=1200%2C900&ssl=1&resize=350%2C200 1x, https:\/\/i0.wp.com\/calclimateag.org\/wp-content\/uploads\/2020\/09\/Fire-near-Full-Belly-Thomas-Nelson-scaled.jpg?fit=1200%2C900&ssl=1&resize=525%2C300 1.5x, https:\/\/i0.wp.com\/calclimateag.org\/wp-content\/uploads\/2020\/09\/Fire-near-Full-Belly-Thomas-Nelson-scaled.jpg?fit=1200%2C900&ssl=1&resize=700%2C400 2x, https:\/\/i0.wp.com\/calclimateag.org\/wp-content\/uploads\/2020\/09\/Fire-near-Full-Belly-Thomas-Nelson-scaled.jpg?fit=1200%2C900&ssl=1&resize=1050%2C600 3x"},"classes":[]},{"id":4775,"url":"https:\/\/calclimateag.org\/es\/promoting-sustainable-agriculture-solutions-to-climate-change\/","url_meta":{"origin":2618,"position":3},"title":"Promoting Sustainable Agriculture Solutions to Climate Change","author":"Jeanne Merrill","date":"junio 25, 2014 4:55 pm","format":false,"excerpt":"Reposted from the National Sustainable Agriculture Coalition. On June 25, the one-year anniversary of the President\u2019s Climate Action Plan, the National Sustainable Agriculture Coalition (NSAC) announced the availability of a document that articulates principles and recommendations for the U.S. Department of Agriculture\u2019s Natural Resources Conservation Service (NRCS) to consider as\u2026","rel":"","context":"En \u00abPractices\u00bb","block_context":{"text":"Practices","link":"https:\/\/calclimateag.org\/es\/category\/practices\/"},"img":{"alt_text":"","src":"","width":0,"height":0},"classes":[]},{"id":8194,"url":"https:\/\/calclimateag.org\/es\/senate-appropriators-prioritize-sustainable-agriculture-and-rural-development\/","url_meta":{"origin":2618,"position":4},"title":"Senate Appropriators Prioritize Sustainable Agriculture and Rural Development","author":"Brian Shobe","date":"julio 26, 2017 1:00 pm","format":false,"excerpt":"The following is a blog post from the\u00a0National Sustainable Agriculture Coalition\u00a0(NSAC), of which CalCAN is a member. CalCAN previously shared NSAC's blog posts in March and May about the Trump Administration's proposed draconian budget cuts to agriculture, rural development, and conservation programs. We are pleased to share this positive news\u2026","rel":"","context":"En \u00abPolicy\u00bb","block_context":{"text":"Policy","link":"https:\/\/calclimateag.org\/es\/category\/policy\/"},"img":{"alt_text":"","src":"https:\/\/i0.wp.com\/calclimateag.org\/wp-content\/uploads\/2017\/07\/Senate-Approps-Committee-2-1.jpg?fit=410%2C202&ssl=1&resize=350%2C200","width":350,"height":200},"classes":[]}],"jetpack_likes_enabled":false,"_links":{"self":[{"href":"https:\/\/calclimateag.org\/es\/wp-json\/wp\/v2\/posts\/2618","targetHints":{"allow":["GET"]}}],"collection":[{"href":"https:\/\/calclimateag.org\/es\/wp-json\/wp\/v2\/posts"}],"about":[{"href":"https:\/\/calclimateag.org\/es\/wp-json\/wp\/v2\/types\/post"}],"author":[{"embeddable":true,"href":"https:\/\/calclimateag.org\/es\/wp-json\/wp\/v2\/users\/8"}],"replies":[{"embeddable":true,"href":"https:\/\/calclimateag.org\/es\/wp-json\/wp\/v2\/comments?post=2618"}],"version-history":[{"count":1,"href":"https:\/\/calclimateag.org\/es\/wp-json\/wp\/v2\/posts\/2618\/revisions"}],"predecessor-version":[{"id":12433,"href":"https:\/\/calclimateag.org\/es\/wp-json\/wp\/v2\/posts\/2618\/revisions\/12433"}],"wp:attachment":[{"href":"https:\/\/calclimateag.org\/es\/wp-json\/wp\/v2\/media?parent=2618"}],"wp:term":[{"taxonomy":"category","embeddable":true,"href":"https:\/\/calclimateag.org\/es\/wp-json\/wp\/v2\/categories?post=2618"},{"taxonomy":"post_tag","embeddable":true,"href":"https:\/\/calclimateag.org\/es\/wp-json\/wp\/v2\/tags?post=2618"}],"curies":[{"name":"wp","href":"https:\/\/api.w.org\/{rel}","templated":true}]}}