{"id":2564,"date":"2012-02-16T17:45:43","date_gmt":"2012-02-17T01:45:43","guid":{"rendered":"https:\/\/calcanstaging.kinsta.cloud\/?p=2564"},"modified":"2020-02-12T14:05:05","modified_gmt":"2020-02-12T22:05:05","slug":"farm-bill-2012-hearings-open-as-next-years-budget-plans-emerge","status":"publish","type":"post","link":"https:\/\/calclimateag.org\/es\/farm-bill-2012-hearings-open-as-next-years-budget-plans-emerge\/","title":{"rendered":"Comienzan las audiencias sobre la Ley Agr\u00edcola de 2012, mientras se perfilan los planes presupuestarios para el pr\u00f3ximo a\u00f1o"},"content":{"rendered":"<p>A new chapter on Farm Bill 2012 opened Wednesday with the first in a series of hearings before the Senate Committee on Agriculture. The hearing focused on energy programs and rural economic development. It featured committee chair Senator Debbie Stabenow (D-Mich.) observing that the farm bill is a jobs bill as she advocated for early action to pass a new bill this spring.<\/p>\n<p>While the Senate eases into its farm bill discussion, analysts at the National Sustainable Agriculture Coalition are pouring over President Obama\u2019s FY 2013 budget proposal, which was released on Monday. It\u2019s a \u201cmixed bag\u201d says NSAC. There are big cuts proposed for working lands conservation programs and some up and down adjustments in discretionary spending for other sustainable agriculture programs. NSAC has provided a detailed analysis of the President\u2019s proposal in the web post \u201c<a href=\"http:\/\/sustainableagriculture.net\/blog\/fy-2013-usda-budget-request\/\" target=\"_blank\" rel=\"noopener noreferrer\">Obama\u2019s FY 2013 USDA Budget Request.<\/a><a href=\"http:\/\/sustainableagriculture.net\/blog\/fy-2013-usda-budget-request\/\">&#8221; <\/a><\/p>\n<p>The analysis is well worth the read as we gear up to support the sustainable agriculture elements of US farm programs.\u00a0 It\u2019s detailed, yet concise, and helps provide perspective to the administration\u2019s agricultural priorities.\u00a0 Among the troubling signals the administration is sending is a willingness to cut deeply into conservation programs.<\/p>\n<p>That, in NSAC\u2019s view would be a mistake: \u201cNow is not the time to do further damage to the conservation baseline. Farmer and rancher demand for conservation dollars exceeds supply by multiple factors for most programs. If anything, in the face of renewed severe erosion, climate change pressures, water depletion, and mounting energy prices, we need a bigger, not a smaller investment in farm conservation to protect the land that is our long-term food security.\u201d<\/p>\n<p>At CalCAN will heartily agree with the NSAC assessment. The budget message coming from the White House tells us that we\u2019ll have our work cut out for us in Washington, D.C. this year as we work to build a sustainable and climate-friendly food system.<\/p>","protected":false},"excerpt":{"rendered":"<p>A new chapter on Farm Bill 2012 opened Wednesday with the first in a series of hearings before the Senate Committee&#8230;<\/p>","protected":false},"author":8,"featured_media":0,"comment_status":"open","ping_status":"closed","sticky":false,"template":"","format":"standard","meta":{"_acf_changed":false,"inline_featured_image":false,"_monsterinsights_skip_tracking":false,"_monsterinsights_sitenote_active":false,"_monsterinsights_sitenote_note":"","_monsterinsights_sitenote_category":0,"jetpack_post_was_ever_published":false,"_jetpack_newsletter_access":"","_jetpack_dont_email_post_to_subs":false,"_jetpack_newsletter_tier_id":0,"_jetpack_memberships_contains_paywalled_content":false,"mc4wp_mailchimp_campaign":[],"_jetpack_memberships_contains_paid_content":false,"footnotes":"","jetpack_publicize_message":"","jetpack_publicize_feature_enabled":true,"jetpack_social_post_already_shared":false,"jetpack_social_options":{"image_generator_settings":{"template":"highway","default_image_id":0,"font":"","enabled":false},"version":2}},"categories":[680],"tags":[20,70,37],"class_list":["post-2564","post","type-post","status-publish","format-standard","hentry","category-policy","tag-policy","tag-sustainable-agriculture","tag-usda"],"acf":[],"yoast_head":"<!-- This site is optimized with the Yoast SEO plugin v27.3 - https:\/\/yoast.com\/product\/yoast-seo-wordpress\/ -->\n<title>Farm Bill 2012 Hearings Open As Next Year\u2019s Budget Plans Emerge | CalCAN - California Climate &amp; Agriculture Network<\/title>\n<meta name=\"robots\" content=\"index, follow, max-snippet:-1, max-image-preview:large, max-video-preview:-1\" \/>\n<link rel=\"canonical\" href=\"https:\/\/calclimateag.org\/es\/farm-bill-2012-hearings-open-as-next-years-budget-plans-emerge\/\" \/>\n<meta property=\"og:locale\" content=\"es_ES\" \/>\n<meta property=\"og:type\" content=\"article\" \/>\n<meta property=\"og:title\" content=\"Farm Bill 2012 Hearings Open As Next Year\u2019s Budget Plans Emerge | CalCAN - California Climate &amp; Agriculture Network\" \/>\n<meta property=\"og:description\" content=\"A new chapter on Farm Bill 2012 opened Wednesday with the first in a series of hearings before the Senate Committee...\" \/>\n<meta property=\"og:url\" content=\"https:\/\/calclimateag.org\/es\/farm-bill-2012-hearings-open-as-next-years-budget-plans-emerge\/\" \/>\n<meta property=\"og:site_name\" content=\"CalCAN - California Climate &amp; Agriculture Network\" \/>\n<meta property=\"article:published_time\" content=\"2012-02-17T01:45:43+00:00\" \/>\n<meta property=\"article:modified_time\" content=\"2020-02-12T22:05:05+00:00\" \/>\n<meta name=\"author\" content=\"Ted Quaday\" \/>\n<meta name=\"twitter:card\" content=\"summary_large_image\" \/>\n<meta name=\"twitter:label1\" content=\"Escrito por\" \/>\n\t<meta name=\"twitter:data1\" content=\"Ted Quaday\" \/>\n\t<meta name=\"twitter:label2\" content=\"Tiempo de lectura\" \/>\n\t<meta name=\"twitter:data2\" content=\"2 minutos\" \/>\n<script type=\"application\/ld+json\" class=\"yoast-schema-graph\">{\"@context\":\"https:\\\/\\\/schema.org\",\"@graph\":[{\"@type\":\"Article\",\"@id\":\"https:\\\/\\\/calclimateag.org\\\/farm-bill-2012-hearings-open-as-next-years-budget-plans-emerge\\\/#article\",\"isPartOf\":{\"@id\":\"https:\\\/\\\/calclimateag.org\\\/farm-bill-2012-hearings-open-as-next-years-budget-plans-emerge\\\/\"},\"author\":{\"name\":\"Ted Quaday\",\"@id\":\"https:\\\/\\\/calclimateag.org\\\/#\\\/schema\\\/person\\\/c84eda5a58448d449387affd4eba7b23\"},\"headline\":\"Farm Bill 2012 Hearings Open As Next Year\u2019s Budget Plans Emerge\",\"datePublished\":\"2012-02-17T01:45:43+00:00\",\"dateModified\":\"2020-02-12T22:05:05+00:00\",\"mainEntityOfPage\":{\"@id\":\"https:\\\/\\\/calclimateag.org\\\/farm-bill-2012-hearings-open-as-next-years-budget-plans-emerge\\\/\"},\"wordCount\":330,\"commentCount\":0,\"keywords\":[\"policy\",\"sustainable agriculture\",\"USDA\"],\"articleSection\":[\"Policy\"],\"inLanguage\":\"es\",\"potentialAction\":[{\"@type\":\"CommentAction\",\"name\":\"Comment\",\"target\":[\"https:\\\/\\\/calclimateag.org\\\/farm-bill-2012-hearings-open-as-next-years-budget-plans-emerge\\\/#respond\"]}]},{\"@type\":\"WebPage\",\"@id\":\"https:\\\/\\\/calclimateag.org\\\/farm-bill-2012-hearings-open-as-next-years-budget-plans-emerge\\\/\",\"url\":\"https:\\\/\\\/calclimateag.org\\\/farm-bill-2012-hearings-open-as-next-years-budget-plans-emerge\\\/\",\"name\":\"Farm Bill 2012 Hearings Open As Next Year\u2019s Budget Plans Emerge | CalCAN - California Climate &amp; Agriculture Network\",\"isPartOf\":{\"@id\":\"https:\\\/\\\/calclimateag.org\\\/#website\"},\"datePublished\":\"2012-02-17T01:45:43+00:00\",\"dateModified\":\"2020-02-12T22:05:05+00:00\",\"author\":{\"@id\":\"https:\\\/\\\/calclimateag.org\\\/#\\\/schema\\\/person\\\/c84eda5a58448d449387affd4eba7b23\"},\"breadcrumb\":{\"@id\":\"https:\\\/\\\/calclimateag.org\\\/farm-bill-2012-hearings-open-as-next-years-budget-plans-emerge\\\/#breadcrumb\"},\"inLanguage\":\"es\",\"potentialAction\":[{\"@type\":\"ReadAction\",\"target\":[\"https:\\\/\\\/calclimateag.org\\\/farm-bill-2012-hearings-open-as-next-years-budget-plans-emerge\\\/\"]}]},{\"@type\":\"BreadcrumbList\",\"@id\":\"https:\\\/\\\/calclimateag.org\\\/farm-bill-2012-hearings-open-as-next-years-budget-plans-emerge\\\/#breadcrumb\",\"itemListElement\":[{\"@type\":\"ListItem\",\"position\":1,\"name\":\"Home\",\"item\":\"https:\\\/\\\/calclimateag.org\\\/\"},{\"@type\":\"ListItem\",\"position\":2,\"name\":\"Farm Bill 2012 Hearings Open As Next Year\u2019s Budget Plans Emerge\"}]},{\"@type\":\"WebSite\",\"@id\":\"https:\\\/\\\/calclimateag.org\\\/#website\",\"url\":\"https:\\\/\\\/calclimateag.org\\\/\",\"name\":\"CalCAN - California Climate &amp; Agriculture Network\",\"description\":\"California Climate &amp; Agriculture Network\",\"potentialAction\":[{\"@type\":\"SearchAction\",\"target\":{\"@type\":\"EntryPoint\",\"urlTemplate\":\"https:\\\/\\\/calclimateag.org\\\/?s={search_term_string}\"},\"query-input\":{\"@type\":\"PropertyValueSpecification\",\"valueRequired\":true,\"valueName\":\"search_term_string\"}}],\"inLanguage\":\"es\"},{\"@type\":\"Person\",\"@id\":\"https:\\\/\\\/calclimateag.org\\\/#\\\/schema\\\/person\\\/c84eda5a58448d449387affd4eba7b23\",\"name\":\"Ted Quaday\",\"image\":{\"@type\":\"ImageObject\",\"inLanguage\":\"es\",\"@id\":\"https:\\\/\\\/secure.gravatar.com\\\/avatar\\\/06c0ad977d87756883651232aa33001b7b28a839d2237cec06099812556c8c36?s=96&d=mm&r=g\",\"url\":\"https:\\\/\\\/secure.gravatar.com\\\/avatar\\\/06c0ad977d87756883651232aa33001b7b28a839d2237cec06099812556c8c36?s=96&d=mm&r=g\",\"contentUrl\":\"https:\\\/\\\/secure.gravatar.com\\\/avatar\\\/06c0ad977d87756883651232aa33001b7b28a839d2237cec06099812556c8c36?s=96&d=mm&r=g\",\"caption\":\"Ted Quaday\"},\"url\":\"#molongui-disabled-link\"}]}<\/script>\n<!-- \/ Yoast SEO plugin. -->","yoast_head_json":{"title":"Farm Bill 2012 Hearings Open As Next Year\u2019s Budget Plans Emerge | CalCAN - California Climate &amp; Agriculture Network","robots":{"index":"index","follow":"follow","max-snippet":"max-snippet:-1","max-image-preview":"max-image-preview:large","max-video-preview":"max-video-preview:-1"},"canonical":"https:\/\/calclimateag.org\/es\/farm-bill-2012-hearings-open-as-next-years-budget-plans-emerge\/","og_locale":"es_ES","og_type":"article","og_title":"Farm Bill 2012 Hearings Open As Next Year\u2019s Budget Plans Emerge | CalCAN - California Climate &amp; Agriculture Network","og_description":"A new chapter on Farm Bill 2012 opened Wednesday with the first in a series of hearings before the Senate Committee...","og_url":"https:\/\/calclimateag.org\/es\/farm-bill-2012-hearings-open-as-next-years-budget-plans-emerge\/","og_site_name":"CalCAN - California Climate &amp; Agriculture Network","article_published_time":"2012-02-17T01:45:43+00:00","article_modified_time":"2020-02-12T22:05:05+00:00","author":"Ted Quaday","twitter_card":"summary_large_image","twitter_misc":{"Escrito por":"Ted Quaday","Tiempo de lectura":"2 minutos"},"schema":{"@context":"https:\/\/schema.org","@graph":[{"@type":"Article","@id":"https:\/\/calclimateag.org\/farm-bill-2012-hearings-open-as-next-years-budget-plans-emerge\/#article","isPartOf":{"@id":"https:\/\/calclimateag.org\/farm-bill-2012-hearings-open-as-next-years-budget-plans-emerge\/"},"author":{"name":"Ted Quaday","@id":"https:\/\/calclimateag.org\/#\/schema\/person\/c84eda5a58448d449387affd4eba7b23"},"headline":"Farm Bill 2012 Hearings Open As Next Year\u2019s Budget Plans Emerge","datePublished":"2012-02-17T01:45:43+00:00","dateModified":"2020-02-12T22:05:05+00:00","mainEntityOfPage":{"@id":"https:\/\/calclimateag.org\/farm-bill-2012-hearings-open-as-next-years-budget-plans-emerge\/"},"wordCount":330,"commentCount":0,"keywords":["policy","sustainable agriculture","USDA"],"articleSection":["Policy"],"inLanguage":"es","potentialAction":[{"@type":"CommentAction","name":"Comment","target":["https:\/\/calclimateag.org\/farm-bill-2012-hearings-open-as-next-years-budget-plans-emerge\/#respond"]}]},{"@type":"WebPage","@id":"https:\/\/calclimateag.org\/farm-bill-2012-hearings-open-as-next-years-budget-plans-emerge\/","url":"https:\/\/calclimateag.org\/farm-bill-2012-hearings-open-as-next-years-budget-plans-emerge\/","name":"Farm Bill 2012 Hearings Open As Next Year\u2019s Budget Plans Emerge | CalCAN - California Climate &amp; Agriculture Network","isPartOf":{"@id":"https:\/\/calclimateag.org\/#website"},"datePublished":"2012-02-17T01:45:43+00:00","dateModified":"2020-02-12T22:05:05+00:00","author":{"@id":"https:\/\/calclimateag.org\/#\/schema\/person\/c84eda5a58448d449387affd4eba7b23"},"breadcrumb":{"@id":"https:\/\/calclimateag.org\/farm-bill-2012-hearings-open-as-next-years-budget-plans-emerge\/#breadcrumb"},"inLanguage":"es","potentialAction":[{"@type":"ReadAction","target":["https:\/\/calclimateag.org\/farm-bill-2012-hearings-open-as-next-years-budget-plans-emerge\/"]}]},{"@type":"BreadcrumbList","@id":"https:\/\/calclimateag.org\/farm-bill-2012-hearings-open-as-next-years-budget-plans-emerge\/#breadcrumb","itemListElement":[{"@type":"ListItem","position":1,"name":"Home","item":"https:\/\/calclimateag.org\/"},{"@type":"ListItem","position":2,"name":"Farm Bill 2012 Hearings Open As Next Year\u2019s Budget Plans Emerge"}]},{"@type":"WebSite","@id":"https:\/\/calclimateag.org\/#website","url":"https:\/\/calclimateag.org\/","name":"CalCAN - Red de Clima y Agricultura de California","description":"Red de Clima y Agricultura de California","potentialAction":[{"@type":"SearchAction","target":{"@type":"EntryPoint","urlTemplate":"https:\/\/calclimateag.org\/?s={search_term_string}"},"query-input":{"@type":"PropertyValueSpecification","valueRequired":true,"valueName":"search_term_string"}}],"inLanguage":"es"},{"@type":"Person","@id":"https:\/\/calclimateag.org\/#\/schema\/person\/c84eda5a58448d449387affd4eba7b23","name":"Ted Quaday","image":{"@type":"ImageObject","inLanguage":"es","@id":"https:\/\/secure.gravatar.com\/avatar\/06c0ad977d87756883651232aa33001b7b28a839d2237cec06099812556c8c36?s=96&d=mm&r=g","url":"https:\/\/secure.gravatar.com\/avatar\/06c0ad977d87756883651232aa33001b7b28a839d2237cec06099812556c8c36?s=96&d=mm&r=g","contentUrl":"https:\/\/secure.gravatar.com\/avatar\/06c0ad977d87756883651232aa33001b7b28a839d2237cec06099812556c8c36?s=96&d=mm&r=g","caption":"Ted Quaday"},"url":"#molongui-disabled-link"}]}},"jetpack_publicize_connections":[],"jetpack_featured_media_url":"","jetpack_sharing_enabled":true,"jetpack_shortlink":"https:\/\/wp.me\/pap9il-Fm","jetpack-related-posts":[{"id":2618,"url":"https:\/\/calclimateag.org\/es\/u-s-senate-ag-panel-considers-conservation-at-second-farm-bill-hearing\/","url_meta":{"origin":2564,"position":0},"title":"U.S. Senate Ag Panel Considers Conservation At Second Farm Bill Hearing","author":"Ted Quaday","date":"febrero 29, 2012 7:00 pm","format":false,"excerpt":"Family farmers joined program administrators and others yesterday in telling the U.S. Senate Agriculture Committee that if you want to do some environmental good and help ensure a reliable food supply, make sure federal conservation programs are well-funded under Farm Bill 2012. Conservation was the focus of the ag panel\u2019s\u2026","rel":"","context":"En \u00abPolicy\u00bb","block_context":{"text":"Policy","link":"https:\/\/calclimateag.org\/es\/category\/policy\/"},"img":{"alt_text":"","src":"","width":0,"height":0},"classes":[]},{"id":18746,"url":"https:\/\/calclimateag.org\/es\/calcan-addresses-senate-proposal\/","url_meta":{"origin":2564,"position":1},"title":"CalCAN aborda los puntos fuertes, las oportunidades y el camino a seguir de la propuesta del Senado","author":"Kristine Rebiero","date":"mayo 7, 2024 11:50 am","format":false,"excerpt":"CalCAN welcomed the recent farm bill reauthorization proposal from Senate Agriculture Committee Chairwoman Debbie Stabenow's (D-MI) last week.\u00a0 \"We see this as a positive step towards a farm bill that helps create a more climate-resilient future and improved food system, especially for small to midsize farmers across the county. While\u2026","rel":"","context":"En \u00abPolicy\u00bb","block_context":{"text":"Policy","link":"https:\/\/calclimateag.org\/es\/category\/policy\/"},"img":{"alt_text":"Farm Bill Update: CalCAN Addresses Senate Proposal","src":"https:\/\/i0.wp.com\/calclimateag.org\/wp-content\/uploads\/2024\/05\/Senate-Farm-Bill-Proposal.png?fit=1200%2C630&ssl=1&resize=350%2C200","width":350,"height":200,"srcset":"https:\/\/i0.wp.com\/calclimateag.org\/wp-content\/uploads\/2024\/05\/Senate-Farm-Bill-Proposal.png?fit=1200%2C630&ssl=1&resize=350%2C200 1x, https:\/\/i0.wp.com\/calclimateag.org\/wp-content\/uploads\/2024\/05\/Senate-Farm-Bill-Proposal.png?fit=1200%2C630&ssl=1&resize=525%2C300 1.5x, https:\/\/i0.wp.com\/calclimateag.org\/wp-content\/uploads\/2024\/05\/Senate-Farm-Bill-Proposal.png?fit=1200%2C630&ssl=1&resize=700%2C400 2x, https:\/\/i0.wp.com\/calclimateag.org\/wp-content\/uploads\/2024\/05\/Senate-Farm-Bill-Proposal.png?fit=1200%2C630&ssl=1&resize=1050%2C600 3x"},"classes":[]},{"id":2503,"url":"https:\/\/calclimateag.org\/es\/speaking-truth-to-power-ca-organic-and-sustainable-agriculture-producers-and-advocates-in-washington-d-c\/","url_meta":{"origin":2564,"position":2},"title":"Speaking Truth to Power \u2014 CA Organic and Sustainable Agriculture Producers and Advocates in Washington, D.C.","author":"Jeanne Merrill","date":"febrero 8, 2012 5:28 pm","format":false,"excerpt":"As a former crop insurance agent and current organic almond producer and processor from a long-time farm family in Fresno, Steve Koretoff spoke truth to power in a recent visit to Washington, D.C. \u00a0\u00a0Mr. Koretoff joined six representatives of the California caucus of the National Sustainable Agriculture Coalition (NSAC) for\u2026","rel":"","context":"En \u00abPeople\u00bb","block_context":{"text":"People","link":"https:\/\/calclimateag.org\/es\/category\/people\/"},"img":{"alt_text":"","src":"https:\/\/i0.wp.com\/calclimateag.org\/wp-content\/uploads\/2012\/02\/photo2-300x225.jpg?resize=350%2C200&ssl=1","width":350,"height":200},"classes":[]},{"id":3962,"url":"https:\/\/calclimateag.org\/es\/senate-passes-farm-bill-no-action-on-climate-change\/","url_meta":{"origin":2564,"position":3},"title":"Senate Passes Farm Bill, No Action on Climate Change","author":"Jeanne Merrill","date":"junio 14, 2013 9:43 pm","format":false,"excerpt":"This week, the Senate passed its version of the farm bill on a vote of 66 \u2013 27 with attention now turning to the House.\u00a0 Few amendments to the bill were included in the final package, leaving behind a number of the sustainable agriculture amendments supported by the National Sustainable\u2026","rel":"","context":"En \u00abPolicy\u00bb","block_context":{"text":"Policy","link":"https:\/\/calclimateag.org\/es\/category\/policy\/"},"img":{"alt_text":"","src":"https:\/\/i0.wp.com\/www.foodlust.net\/uploads\/7\/5\/1\/8\/7518242\/2635231.jpg?resize=350%2C200","width":350,"height":200},"classes":[]},{"id":8194,"url":"https:\/\/calclimateag.org\/es\/senate-appropriators-prioritize-sustainable-agriculture-and-rural-development\/","url_meta":{"origin":2564,"position":4},"title":"Senate Appropriators Prioritize Sustainable Agriculture and Rural Development","author":"Brian Shobe","date":"julio 26, 2017 1:00 pm","format":false,"excerpt":"The following is a blog post from the\u00a0National Sustainable Agriculture Coalition\u00a0(NSAC), of which CalCAN is a member. CalCAN previously shared NSAC's blog posts in March and May about the Trump Administration's proposed draconian budget cuts to agriculture, rural development, and conservation programs. We are pleased to share this positive news\u2026","rel":"","context":"En \u00abPolicy\u00bb","block_context":{"text":"Policy","link":"https:\/\/calclimateag.org\/es\/category\/policy\/"},"img":{"alt_text":"","src":"https:\/\/i0.wp.com\/calclimateag.org\/wp-content\/uploads\/2017\/07\/Senate-Approps-Committee-2-1.jpg?fit=410%2C202&ssl=1&resize=350%2C200","width":350,"height":200},"classes":[]}],"jetpack_likes_enabled":false,"_links":{"self":[{"href":"https:\/\/calclimateag.org\/es\/wp-json\/wp\/v2\/posts\/2564","targetHints":{"allow":["GET"]}}],"collection":[{"href":"https:\/\/calclimateag.org\/es\/wp-json\/wp\/v2\/posts"}],"about":[{"href":"https:\/\/calclimateag.org\/es\/wp-json\/wp\/v2\/types\/post"}],"author":[{"embeddable":true,"href":"https:\/\/calclimateag.org\/es\/wp-json\/wp\/v2\/users\/8"}],"replies":[{"embeddable":true,"href":"https:\/\/calclimateag.org\/es\/wp-json\/wp\/v2\/comments?post=2564"}],"version-history":[{"count":1,"href":"https:\/\/calclimateag.org\/es\/wp-json\/wp\/v2\/posts\/2564\/revisions"}],"predecessor-version":[{"id":12432,"href":"https:\/\/calclimateag.org\/es\/wp-json\/wp\/v2\/posts\/2564\/revisions\/12432"}],"wp:attachment":[{"href":"https:\/\/calclimateag.org\/es\/wp-json\/wp\/v2\/media?parent=2564"}],"wp:term":[{"taxonomy":"category","embeddable":true,"href":"https:\/\/calclimateag.org\/es\/wp-json\/wp\/v2\/categories?post=2564"},{"taxonomy":"post_tag","embeddable":true,"href":"https:\/\/calclimateag.org\/es\/wp-json\/wp\/v2\/tags?post=2564"}],"curies":[{"name":"wp","href":"https:\/\/api.w.org\/{rel}","templated":true}]}}