{"id":18251,"date":"2023-06-30T09:00:20","date_gmt":"2023-06-30T16:00:20","guid":{"rendered":"https:\/\/calcanstaging.kinsta.cloud\/?p=18251"},"modified":"2023-06-30T09:00:20","modified_gmt":"2023-06-30T16:00:20","slug":"robert-rivas-sworn-in-as-the-71st-speaker-of-the-california-state-assembly","status":"publish","type":"post","link":"https:\/\/calclimateag.org\/es\/robert-rivas-sworn-in-as-the-71st-speaker-of-the-california-state-assembly\/","title":{"rendered":"Robert Rivas Sworn in as the 71st Speaker of the California State Assembly: Championing Agricultural Climate Resilience and Justice"},"content":{"rendered":"<p><span style=\"font-weight: 400;\">Today Robert Rivas (D-Hollister) will be sworn in as the 71st Speaker of the California State Assembly. First elected in 2018, Rivas grew up in farmworker housing in Paicines, CA and has served as the chair of the Assembly Agriculture Committee since the fall of 2020. During that time he has been a strong champion for creating a more just and climate resilient agricultural sector and was recognized last fall with <\/span><a href=\"https:\/\/calclimateag.org\/es\/agriculture-experts-to-be-recognized-for-their-leadership-on-climate-change\/\"><span style=\"font-weight: 400;\">CalCAN\u2019s Climate Leadership Award<\/span><\/a><span style=\"font-weight: 400;\">.<\/span><\/p>\n<figure id=\"attachment_18254\" aria-describedby=\"caption-attachment-18254\" style=\"width: 368px\" class=\"wp-caption alignright\"><a href=\"https:\/\/calclimateag.org\/es\/robert-rivas-sworn-in-as-the-71st-speaker-of-the-california-state-assembly\/paicines_general_store_2006\/#main\" rel=\"attachment wp-att-18254\"><img data-recalc-dims=\"1\" loading=\"lazy\" decoding=\"async\" class=\"wp-image-18254\" src=\"https:\/\/i0.wp.com\/calclimateag.org\/wp-content\/uploads\/2023\/06\/Paicines_General_Store_2006.jpg?resize=368%2C200&#038;ssl=1\" alt=\"\" width=\"368\" height=\"200\" srcset=\"https:\/\/i0.wp.com\/calclimateag.org\/wp-content\/uploads\/2023\/06\/Paicines_General_Store_2006.jpg?resize=300%2C163&amp;ssl=1 300w, https:\/\/i0.wp.com\/calclimateag.org\/wp-content\/uploads\/2023\/06\/Paicines_General_Store_2006.jpg?resize=1024%2C557&amp;ssl=1 1024w, https:\/\/i0.wp.com\/calclimateag.org\/wp-content\/uploads\/2023\/06\/Paicines_General_Store_2006.jpg?resize=768%2C418&amp;ssl=1 768w, https:\/\/i0.wp.com\/calclimateag.org\/wp-content\/uploads\/2023\/06\/Paicines_General_Store_2006.jpg?resize=1536%2C835&amp;ssl=1 1536w, https:\/\/i0.wp.com\/calclimateag.org\/wp-content\/uploads\/2023\/06\/Paicines_General_Store_2006.jpg?w=1788&amp;ssl=1 1788w\" sizes=\"auto, (max-width: 368px) 100vw, 368px\" \/><\/a><figcaption id=\"caption-attachment-18254\" class=\"wp-caption-text\">Paicines General Store | Photo Credit: David Jordan<\/figcaption><\/figure>\n<p><span style=\"font-weight: 400;\">As Rivas moves into his new position, I found myself reflecting on one of my early encounters with the Speaker. When he was first elected to the Legislature in November 2018 I was working as a legislative assistant for Assemblymember Mark Stone who represented the neighboring district that included Santa Cruz and Monterey. The two areas share similar challenges with rural, agricultural communities facing climate-related risks and stark inequalities. In particular, both areas face increased flood risks for the agricultural communities located near the Pajaro River which serves as the boundary between Santa Cruz and Monterey counties.<\/span><\/p>\n<p><span style=\"font-weight: 400;\">In 2019 I remember stopping by the newly-elected Rivas\u2019 office to discuss <\/span><a href=\"https:\/\/leginfo.legislature.ca.gov\/faces\/billNavClient.xhtml?bill_id=201920200AB489\"><span style=\"font-weight: 400;\">AB 489 (Stone, 2019)<\/span><\/a><span style=\"font-weight: 400;\">, a bill the two legislators worked on together that provided much-needed state funding to the Pajaro River flood control project. Though the bill was signed into law and the state stepped up its support with the subsequent<\/span><a href=\"https:\/\/leginfo.legislature.ca.gov\/faces\/billNavClient.xhtml?bill_id=202120220SB489\"><span style=\"font-weight: 400;\"> SB 489 (Laird, 2022)<\/span><\/a><span style=\"font-weight: 400;\">, the levee improvements are still under construction.<\/span><\/p>\n<p><span style=\"font-weight: 400;\">Unfortunately, this winter\u2019s devastating storms and the string of atmospheric rivers brought flooding that breached the levee on the Pajaro river. This displaced over 2,000 residents and caused significant damage to homes and property. Pajaro is a low-income community that is home to many farmworkers who work at local farms, including the region\u2019s numerous strawberry growing operations.<\/span><\/p>\n<figure id=\"attachment_18253\" aria-describedby=\"caption-attachment-18253\" style=\"width: 437px\" class=\"wp-caption alignleft\"><a href=\"https:\/\/calclimateag.org\/es\/robert-rivas-sworn-in-as-the-71st-speaker-of-the-california-state-assembly\/dwr2023_03_15_kj_i_0114_pajaro_levee\/#main\" rel=\"attachment wp-att-18253\"><img data-recalc-dims=\"1\" loading=\"lazy\" decoding=\"async\" class=\"wp-image-18253\" src=\"https:\/\/i0.wp.com\/calclimateag.org\/wp-content\/uploads\/2023\/06\/DWR2023_03_15_KJ_I_0114_Pajaro_Levee.jpeg?resize=437%2C328&#038;ssl=1\" alt=\"\" width=\"437\" height=\"328\" srcset=\"https:\/\/i0.wp.com\/calclimateag.org\/wp-content\/uploads\/2023\/06\/DWR2023_03_15_KJ_I_0114_Pajaro_Levee.jpeg?resize=300%2C225&amp;ssl=1 300w, https:\/\/i0.wp.com\/calclimateag.org\/wp-content\/uploads\/2023\/06\/DWR2023_03_15_KJ_I_0114_Pajaro_Levee.jpeg?w=768&amp;ssl=1 768w\" sizes=\"auto, (max-width: 437px) 100vw, 437px\" \/><\/a><figcaption id=\"caption-attachment-18253\" class=\"wp-caption-text\">2023 Pajaro River Levee Break | Photo Credit: CA Department of Water Resources<\/figcaption><\/figure>\n<p><span style=\"font-weight: 400;\">Yet, as the Pajaro community continues to recover and repairs get underway on the levees, it is clear Rivas\u2019 past work has laid the foundation for creating a more flood resilient Pajaro River. By securing state resources to protect the area he has helped create a safer environment for these vulnerable communities which will benefit tremendously from the levee improvements.\u00a0<\/span><\/p>\n<p><span style=\"font-weight: 400;\">In addition to delivering results to communities like Pajaro, Rivas has also supported CalCAN\u2019s efforts to advance statewide policies at the intersection of sustainability and agriculture. During his second term he authored AB 125 (R. Rivas, 2021), a bond bill co-sponsored by CalCAN to invest $3.3 billion to create a more just and climate resilient food and farming system. He is also a co-author on an updated version of the bill this year, <\/span><a href=\"https:\/\/docs.google.com\/forms\/d\/e\/1FAIpQLSd-B21OHoQUfSaxHw8t3pseQZqvuvnqLV0WPJRwZUdVdjjQxg\/viewform\"><span style=\"font-weight: 400;\">AB 408<\/span><\/a><span style=\"font-weight: 400;\"> by Assemblymember Lori Wilson (D-Suisun City) and presented the bill in Assembly Natural Resources Committee this year when Assemblymember Wilson was unable to.<\/span><\/p>\n<p><span style=\"font-weight: 400;\">CalCAN and its partners applaud the newly sworn in Speaker Rivas and look forward to working with him in this new role. We believe his dedication to create a more just and climate-resilient food system will pave the way for transformative change in California&#8217;s agricultural landscape and beyond.<\/span><\/p>\n<p><span style=\"font-weight: 400;\">Our coalition partners shared the following about Speaker Rivas:<\/span><\/p>\n<blockquote><p><span style=\"font-weight: 400;\">\u201cAssemblymember Robert Rivas has shown he cares for healthy farming systems that are good for people and the planet. His leadership is ensuring that conservation-based agriculture, with its climate and pest control benefits which store carbon and reduce pesticides, respectively, will be available to all farmers, making for a just food system.\u201d\u00a0 Jo Ann Baumgartner, Executive Director, Wild Farm Alliance<\/span><\/p><\/blockquote>\n<blockquote><p><span style=\"font-weight: 400;\">\u201cAssemblymember Robert Rivas is a longtime champion of sustainable agriculture. During his tenure as Chair of the Assembly Agriculture Committee, Rivas authored AB 125 and co-authored AB 408 to strengthen the climate-resilience of California\u2019s food and farming system. His leadership advocating for increased investment in climate-smart and organic agriculture, farmworker protections, market development, and infrastructure has supported producers across the state.\u201d\u00a0 Rebekah Weber, Policy Director, California Certified Organic Farmers (CCOF)<\/span><\/p><\/blockquote>\n<blockquote><p><span style=\"font-weight: 400;\">\u201cAs Chair of the Assembly Agriculture Committee Rivas has demonstrated a commitment to prioritizing equity and uplifting California&#8217;s small and underserved family farmers. This commitment has only been further illustrated through his co-authorship of AB 408 (Wilson), legislation that ensures a minimum allocation of 50 percent of resources to California&#8217;s historically underserved and most vulnerable communities and producers. It also commits resources towards addressing some of the greatest barriers farmers face, such as limited access to land, capital, and infrastructure.\u201d &#8211; Jamie Fanous, Policy Director, Community Alliance with Family Farmers<\/span><\/p><\/blockquote>","protected":false},"excerpt":{"rendered":"<p>Today Robert Rivas (D-Hollister) will be sworn in as the 71st Speaker of the California State Assembly. First elected in 2018,&#8230;<\/p>","protected":false},"author":29,"featured_media":18252,"comment_status":"open","ping_status":"open","sticky":false,"template":"","format":"standard","meta":{"_acf_changed":false,"inline_featured_image":false,"_monsterinsights_skip_tracking":false,"_monsterinsights_sitenote_active":false,"_monsterinsights_sitenote_note":"","_monsterinsights_sitenote_category":0,"jetpack_post_was_ever_published":false,"_jetpack_newsletter_access":"","_jetpack_dont_email_post_to_subs":false,"_jetpack_newsletter_tier_id":0,"_jetpack_memberships_contains_paywalled_content":false,"mc4wp_mailchimp_campaign":[],"_jetpack_memberships_contains_paid_content":false,"footnotes":"","jetpack_publicize_message":"","jetpack_publicize_feature_enabled":true,"jetpack_social_post_already_shared":true,"jetpack_social_options":{"image_generator_settings":{"template":"highway","default_image_id":0,"font":"","enabled":false},"version":2}},"categories":[680],"tags":[20],"class_list":["post-18251","post","type-post","status-publish","format-standard","has-post-thumbnail","hentry","category-policy","tag-policy"],"acf":[],"yoast_head":"<!-- This site is optimized with the Yoast SEO plugin v27.3 - https:\/\/yoast.com\/product\/yoast-seo-wordpress\/ -->\n<title>Robert Rivas Sworn in as the 71st Speaker of the California State Assembly: Championing Agricultural Climate Resilience and Justice | CalCAN - California Climate &amp; Agriculture Network<\/title>\n<meta name=\"description\" content=\"Today Robert Rivas (D-Hollister) will be sworn in as the 71st Speaker of the California State Assembly. First elected in 2018, Rivas grew up in farmworker housing in Paicines, CA and has served as the chair of the Assembly Agriculture Committee since the fall of 2020. During that time he has been a strong champion for creating a more just and climate resilient agricultural sector and was recognized last fall with CalCAN\u2019s Climate Leadership Award.\" \/>\n<meta name=\"robots\" content=\"index, follow, max-snippet:-1, max-image-preview:large, max-video-preview:-1\" \/>\n<link rel=\"canonical\" href=\"https:\/\/calclimateag.org\/es\/robert-rivas-sworn-in-as-the-71st-speaker-of-the-california-state-assembly\/\" \/>\n<meta property=\"og:locale\" content=\"es_ES\" \/>\n<meta property=\"og:type\" content=\"article\" \/>\n<meta property=\"og:title\" content=\"Robert Rivas Sworn in as the 71st Speaker of the California State Assembly: Championing Agricultural Climate Resilience and Justice | CalCAN - California Climate &amp; Agriculture Network\" \/>\n<meta property=\"og:description\" content=\"Today Robert Rivas (D-Hollister) will be sworn in as the 71st Speaker of the California State Assembly. First elected in 2018, Rivas grew up in farmworker housing in Paicines, CA and has served as the chair of the Assembly Agriculture Committee since the fall of 2020. During that time he has been a strong champion for creating a more just and climate resilient agricultural sector and was recognized last fall with CalCAN\u2019s Climate Leadership Award.\" \/>\n<meta property=\"og:url\" content=\"https:\/\/calclimateag.org\/es\/robert-rivas-sworn-in-as-the-71st-speaker-of-the-california-state-assembly\/\" \/>\n<meta property=\"og:site_name\" content=\"CalCAN - California Climate &amp; Agriculture Network\" \/>\n<meta property=\"article:published_time\" content=\"2023-06-30T16:00:20+00:00\" \/>\n<meta property=\"og:image\" content=\"https:\/\/calclimateag.org\/wp-content\/uploads\/2023\/06\/Screenshot-2023-06-30-at-8.40.15-AM.png\" \/>\n\t<meta property=\"og:image:width\" content=\"766\" \/>\n\t<meta property=\"og:image:height\" content=\"614\" \/>\n\t<meta property=\"og:image:type\" content=\"image\/png\" \/>\n<meta name=\"author\" content=\"Sandra Nakagawa\" \/>\n<meta name=\"twitter:card\" content=\"summary_large_image\" \/>\n<meta name=\"twitter:label1\" content=\"Escrito por\" \/>\n\t<meta name=\"twitter:data1\" content=\"Sandra Nakagawa\" \/>\n\t<meta name=\"twitter:label2\" content=\"Tiempo de lectura\" \/>\n\t<meta name=\"twitter:data2\" content=\"4 minutos\" \/>\n<script type=\"application\/ld+json\" class=\"yoast-schema-graph\">{\"@context\":\"https:\\\/\\\/schema.org\",\"@graph\":[{\"@type\":\"Article\",\"@id\":\"https:\\\/\\\/calclimateag.org\\\/robert-rivas-sworn-in-as-the-71st-speaker-of-the-california-state-assembly\\\/#article\",\"isPartOf\":{\"@id\":\"https:\\\/\\\/calclimateag.org\\\/robert-rivas-sworn-in-as-the-71st-speaker-of-the-california-state-assembly\\\/\"},\"author\":{\"name\":\"Sandra Nakagawa\",\"@id\":\"https:\\\/\\\/calclimateag.org\\\/#\\\/schema\\\/person\\\/c9492c8f329a9460a373448ca4d1471c\"},\"headline\":\"Robert Rivas Sworn in as the 71st Speaker of the California State Assembly: Championing Agricultural Climate Resilience and Justice\",\"datePublished\":\"2023-06-30T16:00:20+00:00\",\"mainEntityOfPage\":{\"@id\":\"https:\\\/\\\/calclimateag.org\\\/robert-rivas-sworn-in-as-the-71st-speaker-of-the-california-state-assembly\\\/\"},\"wordCount\":770,\"commentCount\":0,\"image\":{\"@id\":\"https:\\\/\\\/calclimateag.org\\\/robert-rivas-sworn-in-as-the-71st-speaker-of-the-california-state-assembly\\\/#primaryimage\"},\"thumbnailUrl\":\"https:\\\/\\\/i0.wp.com\\\/calclimateag.org\\\/wp-content\\\/uploads\\\/2023\\\/06\\\/Screenshot-2023-06-30-at-8.40.15-AM.png?fit=766%2C614&ssl=1\",\"keywords\":[\"policy\"],\"articleSection\":[\"Policy\"],\"inLanguage\":\"es\",\"potentialAction\":[{\"@type\":\"CommentAction\",\"name\":\"Comment\",\"target\":[\"https:\\\/\\\/calclimateag.org\\\/robert-rivas-sworn-in-as-the-71st-speaker-of-the-california-state-assembly\\\/#respond\"]}]},{\"@type\":\"WebPage\",\"@id\":\"https:\\\/\\\/calclimateag.org\\\/robert-rivas-sworn-in-as-the-71st-speaker-of-the-california-state-assembly\\\/\",\"url\":\"https:\\\/\\\/calclimateag.org\\\/robert-rivas-sworn-in-as-the-71st-speaker-of-the-california-state-assembly\\\/\",\"name\":\"Robert Rivas Sworn in as the 71st Speaker of the California State Assembly: Championing Agricultural Climate Resilience and Justice | CalCAN - California Climate &amp; Agriculture Network\",\"isPartOf\":{\"@id\":\"https:\\\/\\\/calclimateag.org\\\/#website\"},\"primaryImageOfPage\":{\"@id\":\"https:\\\/\\\/calclimateag.org\\\/robert-rivas-sworn-in-as-the-71st-speaker-of-the-california-state-assembly\\\/#primaryimage\"},\"image\":{\"@id\":\"https:\\\/\\\/calclimateag.org\\\/robert-rivas-sworn-in-as-the-71st-speaker-of-the-california-state-assembly\\\/#primaryimage\"},\"thumbnailUrl\":\"https:\\\/\\\/i0.wp.com\\\/calclimateag.org\\\/wp-content\\\/uploads\\\/2023\\\/06\\\/Screenshot-2023-06-30-at-8.40.15-AM.png?fit=766%2C614&ssl=1\",\"datePublished\":\"2023-06-30T16:00:20+00:00\",\"author\":{\"@id\":\"https:\\\/\\\/calclimateag.org\\\/#\\\/schema\\\/person\\\/c9492c8f329a9460a373448ca4d1471c\"},\"description\":\"Today Robert Rivas (D-Hollister) will be sworn in as the 71st Speaker of the California State Assembly. First elected in 2018, Rivas grew up in farmworker housing in Paicines, CA and has served as the chair of the Assembly Agriculture Committee since the fall of 2020. During that time he has been a strong champion for creating a more just and climate resilient agricultural sector and was recognized last fall with CalCAN\u2019s Climate Leadership Award.\",\"breadcrumb\":{\"@id\":\"https:\\\/\\\/calclimateag.org\\\/robert-rivas-sworn-in-as-the-71st-speaker-of-the-california-state-assembly\\\/#breadcrumb\"},\"inLanguage\":\"es\",\"potentialAction\":[{\"@type\":\"ReadAction\",\"target\":[\"https:\\\/\\\/calclimateag.org\\\/robert-rivas-sworn-in-as-the-71st-speaker-of-the-california-state-assembly\\\/\"]}]},{\"@type\":\"ImageObject\",\"inLanguage\":\"es\",\"@id\":\"https:\\\/\\\/calclimateag.org\\\/robert-rivas-sworn-in-as-the-71st-speaker-of-the-california-state-assembly\\\/#primaryimage\",\"url\":\"https:\\\/\\\/i0.wp.com\\\/calclimateag.org\\\/wp-content\\\/uploads\\\/2023\\\/06\\\/Screenshot-2023-06-30-at-8.40.15-AM.png?fit=766%2C614&ssl=1\",\"contentUrl\":\"https:\\\/\\\/i0.wp.com\\\/calclimateag.org\\\/wp-content\\\/uploads\\\/2023\\\/06\\\/Screenshot-2023-06-30-at-8.40.15-AM.png?fit=766%2C614&ssl=1\",\"width\":766,\"height\":614,\"caption\":\"Photo Credit: Robert Rivas\"},{\"@type\":\"BreadcrumbList\",\"@id\":\"https:\\\/\\\/calclimateag.org\\\/robert-rivas-sworn-in-as-the-71st-speaker-of-the-california-state-assembly\\\/#breadcrumb\",\"itemListElement\":[{\"@type\":\"ListItem\",\"position\":1,\"name\":\"Home\",\"item\":\"https:\\\/\\\/calclimateag.org\\\/\"},{\"@type\":\"ListItem\",\"position\":2,\"name\":\"Robert Rivas Sworn in as the 71st Speaker of the California State Assembly: Championing Agricultural Climate Resilience and Justice\"}]},{\"@type\":\"WebSite\",\"@id\":\"https:\\\/\\\/calclimateag.org\\\/#website\",\"url\":\"https:\\\/\\\/calclimateag.org\\\/\",\"name\":\"CalCAN - California Climate &amp; Agriculture Network\",\"description\":\"California Climate &amp; Agriculture Network\",\"potentialAction\":[{\"@type\":\"SearchAction\",\"target\":{\"@type\":\"EntryPoint\",\"urlTemplate\":\"https:\\\/\\\/calclimateag.org\\\/?s={search_term_string}\"},\"query-input\":{\"@type\":\"PropertyValueSpecification\",\"valueRequired\":true,\"valueName\":\"search_term_string\"}}],\"inLanguage\":\"es\"},{\"@type\":\"Person\",\"@id\":\"https:\\\/\\\/calclimateag.org\\\/#\\\/schema\\\/person\\\/c9492c8f329a9460a373448ca4d1471c\",\"name\":\"Sandra Nakagawa\",\"image\":{\"@type\":\"ImageObject\",\"inLanguage\":\"es\",\"@id\":\"https:\\\/\\\/secure.gravatar.com\\\/avatar\\\/67382498e09e56dc49609a3da661a0592f8fb6d3f70898db1df4e119b8527ab1?s=96&d=mm&r=g\",\"url\":\"https:\\\/\\\/secure.gravatar.com\\\/avatar\\\/67382498e09e56dc49609a3da661a0592f8fb6d3f70898db1df4e119b8527ab1?s=96&d=mm&r=g\",\"contentUrl\":\"https:\\\/\\\/secure.gravatar.com\\\/avatar\\\/67382498e09e56dc49609a3da661a0592f8fb6d3f70898db1df4e119b8527ab1?s=96&d=mm&r=g\",\"caption\":\"Sandra Nakagawa\"},\"url\":\"#molongui-disabled-link\"}]}<\/script>\n<!-- \/ Yoast SEO plugin. -->","yoast_head_json":{"title":"Robert Rivas Sworn in as the 71st Speaker of the California State Assembly: Championing Agricultural Climate Resilience and Justice | CalCAN - California Climate &amp; Agriculture Network","description":"Today Robert Rivas (D-Hollister) will be sworn in as the 71st Speaker of the California State Assembly. First elected in 2018, Rivas grew up in farmworker housing in Paicines, CA and has served as the chair of the Assembly Agriculture Committee since the fall of 2020. During that time he has been a strong champion for creating a more just and climate resilient agricultural sector and was recognized last fall with CalCAN\u2019s Climate Leadership Award.","robots":{"index":"index","follow":"follow","max-snippet":"max-snippet:-1","max-image-preview":"max-image-preview:large","max-video-preview":"max-video-preview:-1"},"canonical":"https:\/\/calclimateag.org\/es\/robert-rivas-sworn-in-as-the-71st-speaker-of-the-california-state-assembly\/","og_locale":"es_ES","og_type":"article","og_title":"Robert Rivas Sworn in as the 71st Speaker of the California State Assembly: Championing Agricultural Climate Resilience and Justice | CalCAN - California Climate &amp; Agriculture Network","og_description":"Today Robert Rivas (D-Hollister) will be sworn in as the 71st Speaker of the California State Assembly. First elected in 2018, Rivas grew up in farmworker housing in Paicines, CA and has served as the chair of the Assembly Agriculture Committee since the fall of 2020. During that time he has been a strong champion for creating a more just and climate resilient agricultural sector and was recognized last fall with CalCAN\u2019s Climate Leadership Award.","og_url":"https:\/\/calclimateag.org\/es\/robert-rivas-sworn-in-as-the-71st-speaker-of-the-california-state-assembly\/","og_site_name":"CalCAN - California Climate &amp; Agriculture Network","article_published_time":"2023-06-30T16:00:20+00:00","og_image":[{"width":766,"height":614,"url":"https:\/\/calclimateag.org\/wp-content\/uploads\/2023\/06\/Screenshot-2023-06-30-at-8.40.15-AM.png","type":"image\/png"}],"author":"Sandra Nakagawa","twitter_card":"summary_large_image","twitter_misc":{"Escrito por":"Sandra Nakagawa","Tiempo de lectura":"4 minutos"},"schema":{"@context":"https:\/\/schema.org","@graph":[{"@type":"Article","@id":"https:\/\/calclimateag.org\/robert-rivas-sworn-in-as-the-71st-speaker-of-the-california-state-assembly\/#article","isPartOf":{"@id":"https:\/\/calclimateag.org\/robert-rivas-sworn-in-as-the-71st-speaker-of-the-california-state-assembly\/"},"author":{"name":"Sandra Nakagawa","@id":"https:\/\/calclimateag.org\/#\/schema\/person\/c9492c8f329a9460a373448ca4d1471c"},"headline":"Robert Rivas Sworn in as the 71st Speaker of the California State Assembly: Championing Agricultural Climate Resilience and Justice","datePublished":"2023-06-30T16:00:20+00:00","mainEntityOfPage":{"@id":"https:\/\/calclimateag.org\/robert-rivas-sworn-in-as-the-71st-speaker-of-the-california-state-assembly\/"},"wordCount":770,"commentCount":0,"image":{"@id":"https:\/\/calclimateag.org\/robert-rivas-sworn-in-as-the-71st-speaker-of-the-california-state-assembly\/#primaryimage"},"thumbnailUrl":"https:\/\/i0.wp.com\/calclimateag.org\/wp-content\/uploads\/2023\/06\/Screenshot-2023-06-30-at-8.40.15-AM.png?fit=766%2C614&ssl=1","keywords":["policy"],"articleSection":["Policy"],"inLanguage":"es","potentialAction":[{"@type":"CommentAction","name":"Comment","target":["https:\/\/calclimateag.org\/robert-rivas-sworn-in-as-the-71st-speaker-of-the-california-state-assembly\/#respond"]}]},{"@type":"WebPage","@id":"https:\/\/calclimateag.org\/robert-rivas-sworn-in-as-the-71st-speaker-of-the-california-state-assembly\/","url":"https:\/\/calclimateag.org\/robert-rivas-sworn-in-as-the-71st-speaker-of-the-california-state-assembly\/","name":"Robert Rivas Sworn in as the 71st Speaker of the California State Assembly: Championing Agricultural Climate Resilience and Justice | CalCAN - California Climate &amp; Agriculture Network","isPartOf":{"@id":"https:\/\/calclimateag.org\/#website"},"primaryImageOfPage":{"@id":"https:\/\/calclimateag.org\/robert-rivas-sworn-in-as-the-71st-speaker-of-the-california-state-assembly\/#primaryimage"},"image":{"@id":"https:\/\/calclimateag.org\/robert-rivas-sworn-in-as-the-71st-speaker-of-the-california-state-assembly\/#primaryimage"},"thumbnailUrl":"https:\/\/i0.wp.com\/calclimateag.org\/wp-content\/uploads\/2023\/06\/Screenshot-2023-06-30-at-8.40.15-AM.png?fit=766%2C614&ssl=1","datePublished":"2023-06-30T16:00:20+00:00","author":{"@id":"https:\/\/calclimateag.org\/#\/schema\/person\/c9492c8f329a9460a373448ca4d1471c"},"description":"Today Robert Rivas (D-Hollister) will be sworn in as the 71st Speaker of the California State Assembly. First elected in 2018, Rivas grew up in farmworker housing in Paicines, CA and has served as the chair of the Assembly Agriculture Committee since the fall of 2020. During that time he has been a strong champion for creating a more just and climate resilient agricultural sector and was recognized last fall with CalCAN\u2019s Climate Leadership Award.","breadcrumb":{"@id":"https:\/\/calclimateag.org\/robert-rivas-sworn-in-as-the-71st-speaker-of-the-california-state-assembly\/#breadcrumb"},"inLanguage":"es","potentialAction":[{"@type":"ReadAction","target":["https:\/\/calclimateag.org\/robert-rivas-sworn-in-as-the-71st-speaker-of-the-california-state-assembly\/"]}]},{"@type":"ImageObject","inLanguage":"es","@id":"https:\/\/calclimateag.org\/robert-rivas-sworn-in-as-the-71st-speaker-of-the-california-state-assembly\/#primaryimage","url":"https:\/\/i0.wp.com\/calclimateag.org\/wp-content\/uploads\/2023\/06\/Screenshot-2023-06-30-at-8.40.15-AM.png?fit=766%2C614&ssl=1","contentUrl":"https:\/\/i0.wp.com\/calclimateag.org\/wp-content\/uploads\/2023\/06\/Screenshot-2023-06-30-at-8.40.15-AM.png?fit=766%2C614&ssl=1","width":766,"height":614,"caption":"Photo Credit: Robert Rivas"},{"@type":"BreadcrumbList","@id":"https:\/\/calclimateag.org\/robert-rivas-sworn-in-as-the-71st-speaker-of-the-california-state-assembly\/#breadcrumb","itemListElement":[{"@type":"ListItem","position":1,"name":"Home","item":"https:\/\/calclimateag.org\/"},{"@type":"ListItem","position":2,"name":"Robert Rivas Sworn in as the 71st Speaker of the California State Assembly: Championing Agricultural Climate Resilience and Justice"}]},{"@type":"WebSite","@id":"https:\/\/calclimateag.org\/#website","url":"https:\/\/calclimateag.org\/","name":"CalCAN - Red de Clima y Agricultura de California","description":"Red de Clima y Agricultura de California","potentialAction":[{"@type":"SearchAction","target":{"@type":"EntryPoint","urlTemplate":"https:\/\/calclimateag.org\/?s={search_term_string}"},"query-input":{"@type":"PropertyValueSpecification","valueRequired":true,"valueName":"search_term_string"}}],"inLanguage":"es"},{"@type":"Person","@id":"https:\/\/calclimateag.org\/#\/schema\/person\/c9492c8f329a9460a373448ca4d1471c","name":"Sandra Nakagawa","image":{"@type":"ImageObject","inLanguage":"es","@id":"https:\/\/secure.gravatar.com\/avatar\/67382498e09e56dc49609a3da661a0592f8fb6d3f70898db1df4e119b8527ab1?s=96&d=mm&r=g","url":"https:\/\/secure.gravatar.com\/avatar\/67382498e09e56dc49609a3da661a0592f8fb6d3f70898db1df4e119b8527ab1?s=96&d=mm&r=g","contentUrl":"https:\/\/secure.gravatar.com\/avatar\/67382498e09e56dc49609a3da661a0592f8fb6d3f70898db1df4e119b8527ab1?s=96&d=mm&r=g","caption":"Sandra Nakagawa"},"url":"#molongui-disabled-link"}]}},"jetpack_publicize_connections":[],"jetpack_featured_media_url":"https:\/\/i0.wp.com\/calclimateag.org\/wp-content\/uploads\/2023\/06\/Screenshot-2023-06-30-at-8.40.15-AM.png?fit=766%2C614&ssl=1","jetpack_sharing_enabled":true,"jetpack_shortlink":"https:\/\/wp.me\/pap9il-4Kn","jetpack-related-posts":[{"id":14617,"url":"https:\/\/calclimateag.org\/es\/bond-to-invest-in-climate-resilience-food-security-passes-assembly-agriculture-committee\/","url_meta":{"origin":18251,"position":0},"title":"Bond to Invest in Climate Resilience &#038; Food Security Passes Assembly Agriculture Committee","author":"Jeanne Merrill","date":"abril 19, 2021 1:00 pm","format":false,"excerpt":"Last Thursday, the Assembly Agriculture Committee passed Assembly Bill 125, the Equitable Economic Recovery, Healthy Food Access, Climate Resilient Farms and Worker Protection Bond Act with a bipartisan 10-0 vote. AB 125 is a groundbreaking proposal to give voters the chance to approve a $3.302 billion effort to accelerate California\u2019s\u2026","rel":"","context":"En \u00abPolicy\u00bb","block_context":{"text":"Policy","link":"https:\/\/calclimateag.org\/es\/category\/policy\/"},"img":{"alt_text":"","src":"https:\/\/i0.wp.com\/calclimateag.org\/wp-content\/uploads\/2020\/02\/Cherry-Orchard.jpg?fit=800%2C534&ssl=1&resize=350%2C200","width":350,"height":200,"srcset":"https:\/\/i0.wp.com\/calclimateag.org\/wp-content\/uploads\/2020\/02\/Cherry-Orchard.jpg?fit=800%2C534&ssl=1&resize=350%2C200 1x, https:\/\/i0.wp.com\/calclimateag.org\/wp-content\/uploads\/2020\/02\/Cherry-Orchard.jpg?fit=800%2C534&ssl=1&resize=525%2C300 1.5x, https:\/\/i0.wp.com\/calclimateag.org\/wp-content\/uploads\/2020\/02\/Cherry-Orchard.jpg?fit=800%2C534&ssl=1&resize=700%2C400 2x"},"classes":[]},{"id":14625,"url":"https:\/\/calclimateag.org\/es\/state-legislation-update-food-farm-resilience-bond-climate-goal-bills-advance\/","url_meta":{"origin":18251,"position":1},"title":"Actualizaci\u00f3n de la legislaci\u00f3n estatal: Avanzan los proyectos de ley sobre el bono de resiliencia alimentaria y agr\u00edcola y el objetivo clim\u00e1tico","author":"Brian Shobe","date":"abril 20, 2021 11:00 am","format":false,"excerpt":"This legislative session, CalCAN is sponsoring two bills that are aimed at advancing investments and policies to scale up California\u2019s response to the climate crisis while also addressing much needed economic recovery in our food and farming system. Below, we provide an update on those bills and others that we\u2026","rel":"","context":"En \u00abPolicy\u00bb","block_context":{"text":"Policy","link":"https:\/\/calclimateag.org\/es\/category\/policy\/"},"img":{"alt_text":"","src":"https:\/\/i0.wp.com\/calclimateag.org\/wp-content\/uploads\/2021\/04\/Asm-Rivas-Testifying-on-AB-284.png?fit=874%2C541&ssl=1&resize=350%2C200","width":350,"height":200,"srcset":"https:\/\/i0.wp.com\/calclimateag.org\/wp-content\/uploads\/2021\/04\/Asm-Rivas-Testifying-on-AB-284.png?fit=874%2C541&ssl=1&resize=350%2C200 1x, https:\/\/i0.wp.com\/calclimateag.org\/wp-content\/uploads\/2021\/04\/Asm-Rivas-Testifying-on-AB-284.png?fit=874%2C541&ssl=1&resize=525%2C300 1.5x, https:\/\/i0.wp.com\/calclimateag.org\/wp-content\/uploads\/2021\/04\/Asm-Rivas-Testifying-on-AB-284.png?fit=874%2C541&ssl=1&resize=700%2C400 2x"},"classes":[]},{"id":17248,"url":"https:\/\/calclimateag.org\/es\/agriculture-experts-to-be-recognized-for-their-leadership-on-climate-change\/","url_meta":{"origin":18251,"position":2},"title":"Agriculture Experts to be Recognized for their Leadership on Climate Change","author":"Renata Brillinger","date":"octubre 31, 2022 11:00 am","format":false,"excerpt":"Sustainable Agriculture Leaders The 7th California Climate and Agriculture Summit will be taking place on November 13 & 14, 2022 in Davis, CA. Leaders in sustainable agriculture and climate change will come together to grapple with the challenges California's farmers and ranchers face with climate change. What's more, they will\u2026","rel":"","context":"En \u00abPeople\u00bb","block_context":{"text":"People","link":"https:\/\/calclimateag.org\/es\/category\/people\/"},"img":{"alt_text":"","src":"https:\/\/i0.wp.com\/calclimateag.org\/wp-content\/uploads\/2022\/10\/Leadership-winners-e1666993168664.png?fit=800%2C288&ssl=1&resize=350%2C200","width":350,"height":200,"srcset":"https:\/\/i0.wp.com\/calclimateag.org\/wp-content\/uploads\/2022\/10\/Leadership-winners-e1666993168664.png?fit=800%2C288&ssl=1&resize=350%2C200 1x, https:\/\/i0.wp.com\/calclimateag.org\/wp-content\/uploads\/2022\/10\/Leadership-winners-e1666993168664.png?fit=800%2C288&ssl=1&resize=525%2C300 1.5x, https:\/\/i0.wp.com\/calclimateag.org\/wp-content\/uploads\/2022\/10\/Leadership-winners-e1666993168664.png?fit=800%2C288&ssl=1&resize=700%2C400 2x"},"classes":[]},{"id":18022,"url":"https:\/\/calclimateag.org\/es\/food-and-farm-resilience-bond-ab-408\/","url_meta":{"origin":18251,"position":3},"title":"Food and Farm Resilience Bond AB 408 (Wilson) passes Assembly Agriculture Committee","author":"Sandra Nakagawa","date":"marzo 30, 2023 10:15 am","format":false,"excerpt":"Yesterday the Assembly Agriculture Committee passed Assembly Bill 408, the Climate-resilient Farms, Sustainable Healthy Food Access, and Farmworker Protection Bond Act of 2024 with a bipartisan 10-0 vote. AB 408 is authored by Assemblymember Lori Wilson (D-Suisun City) and proposes a $3.4 billion bond for the November 2024 ballot to\u2026","rel":"","context":"En \u00abPolicy\u00bb","block_context":{"text":"Policy","link":"https:\/\/calclimateag.org\/es\/category\/policy\/"},"img":{"alt_text":"Photo caption: from left to right: Jamie Fanous (CAFF), Sandra Nakgawa (CalCAN), Assemblymember Lori Wilson, and Jessica Gonzalez (CCOF)","src":"https:\/\/i0.wp.com\/calclimateag.org\/wp-content\/uploads\/2023\/03\/IMG_7577-scaled-e1680193509882.jpg?fit=912%2C512&ssl=1&resize=350%2C200","width":350,"height":200,"srcset":"https:\/\/i0.wp.com\/calclimateag.org\/wp-content\/uploads\/2023\/03\/IMG_7577-scaled-e1680193509882.jpg?fit=912%2C512&ssl=1&resize=350%2C200 1x, https:\/\/i0.wp.com\/calclimateag.org\/wp-content\/uploads\/2023\/03\/IMG_7577-scaled-e1680193509882.jpg?fit=912%2C512&ssl=1&resize=525%2C300 1.5x, https:\/\/i0.wp.com\/calclimateag.org\/wp-content\/uploads\/2023\/03\/IMG_7577-scaled-e1680193509882.jpg?fit=912%2C512&ssl=1&resize=700%2C400 2x"},"classes":[]}],"jetpack_likes_enabled":false,"_links":{"self":[{"href":"https:\/\/calclimateag.org\/es\/wp-json\/wp\/v2\/posts\/18251","targetHints":{"allow":["GET"]}}],"collection":[{"href":"https:\/\/calclimateag.org\/es\/wp-json\/wp\/v2\/posts"}],"about":[{"href":"https:\/\/calclimateag.org\/es\/wp-json\/wp\/v2\/types\/post"}],"author":[{"embeddable":true,"href":"https:\/\/calclimateag.org\/es\/wp-json\/wp\/v2\/users\/29"}],"replies":[{"embeddable":true,"href":"https:\/\/calclimateag.org\/es\/wp-json\/wp\/v2\/comments?post=18251"}],"version-history":[{"count":5,"href":"https:\/\/calclimateag.org\/es\/wp-json\/wp\/v2\/posts\/18251\/revisions"}],"predecessor-version":[{"id":18259,"href":"https:\/\/calclimateag.org\/es\/wp-json\/wp\/v2\/posts\/18251\/revisions\/18259"}],"wp:featuredmedia":[{"embeddable":true,"href":"https:\/\/calclimateag.org\/es\/wp-json\/wp\/v2\/media\/18252"}],"wp:attachment":[{"href":"https:\/\/calclimateag.org\/es\/wp-json\/wp\/v2\/media?parent=18251"}],"wp:term":[{"taxonomy":"category","embeddable":true,"href":"https:\/\/calclimateag.org\/es\/wp-json\/wp\/v2\/categories?post=18251"},{"taxonomy":"post_tag","embeddable":true,"href":"https:\/\/calclimateag.org\/es\/wp-json\/wp\/v2\/tags?post=18251"}],"curies":[{"name":"wp","href":"https:\/\/api.w.org\/{rel}","templated":true}]}}